{"id":1375,"date":"2015-04-06T14:23:00","date_gmt":"2015-04-06T14:23:00","guid":{"rendered":"http:\/\/www.cudecoop.coop\/cudecoop\/?p=1375"},"modified":"2015-04-06T14:23:00","modified_gmt":"2015-04-06T14:23:00","slug":"esta-semana-liberan-recursos-del-fondes-a-emprendimientos","status":"publish","type":"post","link":"http:\/\/www.cudecoop.coop\/cudecoop\/esta-semana-liberan-recursos-del-fondes-a-emprendimientos\/","title":{"rendered":"Esta semana liberan recursos del Fondes a emprendimientos"},"content":{"rendered":"<p>Gustavo Bernini, nuevo presidente del Instituto Nacional del Cooperativismo (Inacoop), anunci\u00f3 que esta semana posterior al feriado de Turismo, se comenzar\u00e1n a resolver pr\u00e9stamos ya estudiar proyectos que est\u00e1n en la \u00f3rbita del Fondo de Desarrollo (Fondes) y que pasan a depender de ese instituto.<\/p>\n<p>En di\u00e1logo con LA REP\u00daBLICA, el ex diputado socialista aclar\u00f3 que el reciente decreto sobre el funcionamiento del Fondes permiti\u00f3 que el Inacoop se hiciera cargos de los proyectos establecidos en la antigua Junta Nacional del Fondes ya que de lo contrario el mismo hubiera quedado inactivo hasta la aprobaci\u00f3n del proyecto de ley que legaliza ese instrumento financiero.<\/p>\n<p>Agreg\u00f3 que esa decisi\u00f3n era necesaria para resolver pr\u00e9stamos ya aprobados y dar respuesta a proyectos presentados que estaban a estudio del Fondes.<\/p>\n<p>\u009dReci\u00e9n esta semana que entra vamos a asumir la parte del Fondes. Al entrar en vigencia el decreto ya hemos comunicado al Fideicomiso Conafin Afisa donde se administra el dinero, el viernes pasado, el cambio de autoridades y la pr\u00f3xima semana vamos a empezar a cumplir los compromisos que ya estaban aprobados y asumidos\u009d.<\/p>\n<p>Bernini se\u00f1al\u00f3 que entre estas urgencias est\u00e1 \u009dpor ejemplo el tema de Alas Uruguay que est\u00e1 cumpliendo una etapa y ahora se est\u00e1 trabajando, analizando los n\u00fameros para ver la viabilidad de la segunda etapa, y donde se est\u00e1n urgidos de algunos compromisos, contratos, algunos de ellos internacionales. La gente de UCOT, la cooperativa de transporte para la renovaci\u00f3n de flota est\u00e1 en la misma situaci\u00f3n, y podr\u00eda enumerar otros\u009d, sostuvo.<\/p>\n<p>El ex legislador admite que el proyecto de ley remitido por el Ejecutivo generar\u00e1 debate en la bancada oficialista y que seguramente sufrir\u00e1 modificaciones.<\/p>\n<p>Sobre su nuevo papel asegur\u00f3 que \u009da m\u00ed no me va a cambiar mucho, porque cuando era parlamentario estaba en la comisi\u00f3n de cooperativismo y trabaj\u00e9 mucho por el Fondo de Desarrollo (Fondes), por las empresas recuperadas y por el cooperativismo en general.<\/p>\n<p>A partir del nuevo dise\u00f1o que se est\u00e1 planteando con el proyecto de ley y el decreto, la gesti\u00f3n del Fondes, en lo que tiene que ver con la econom\u00eda social va a depender del Inacop\u009d.<\/p>\n<p>Adelant\u00f3 que ya est\u00e1 teniendo contactos con todos los emprendimientos autogestionadas, y sostuvo que \u009dla preocupaci\u00f3n a partir de este lunes inmediato a Turismo es habilitar a que se liberen fondos que ya estaban aprobados y donde hay emprendimientos que los est\u00e1n necesitando para poder continuar con la producci\u00f3n o con las obligaciones que tienen para cumplir\u009d.<\/p>\n<p>Subray\u00f3 que \u009del rol que nos cabe ahora es diferente al que ten\u00edamos antes pero estamos muy empapados del tema y lo sentimos en el tu\u00e9tano\u009d.<\/p>\n<p>Explic\u00f3 adem\u00e1s que de acuerdo a lo que marca el decreto emitido por el Ejecutivo d\u00edas atr\u00e1s, \u009dtodo lo que est\u00e1 hoy prestado, que es un volumen importante y que hay que gestionar, y ver como colaborar para que los emprendimientos sigan siendo sustentables y recuperar el dinero para darle posibilidad a nuevos emprendimientos\u009d.<\/p>\n<p>Agreg\u00f3 que \u009dlo comprometido hasta el 28 de febrero, aprobado por la Junta Nacional del Fondes anterior, es lo que tenemos que liberar en la primera etapa, y simult\u00e1neamente hay una serie de proyectos que ven\u00edan siendo analizados desde antes que los vamos a retomar y volver a analizar\u009d.<\/p>\n<p>Bernini adelant\u00f3 que recoger\u00e1n opini\u00f3n de varios actores en la discusi\u00f3n del proyecto de ley que institucionaliza el Fodnes.<\/p>\n<p>\u009dCreo que el presidente de la rep\u00fablica en la reuni\u00f3n con el PIT-CNT, donde estuvo acompa\u00f1ado del ministro de Trabajo fue muy claro. Esa es la posici\u00f3n del gobierno y por lo tanto es la m\u00eda. El gobierno nacional va a recoger todos los planteos que sean necesarios en un di\u00e1logo tanto con el PIT-CNT como dentro de la bancada parlamentaria y con el resto de los actores sociales\u009d dijo.<\/p>\n<p>Adelant\u00f3 que parte del debate ser\u00e1 el tema de las reparticiones va a tener el Fondes. \u009dObviamente desde mi lugar en la Inacoop pretendo que la participaci\u00f3n para la econom\u00eda social sea importante, y eso es parte del debate y di\u00e1logo que estamos manteniendo\u009d enfatiz\u00f3.<\/p>\n<p>\u009dTanto en el proyecto de ley como en el decreto se plantea que las reparticiones van a ser resueltas a nivel del Ejecutivo. La idea es que esas particiones en funci\u00f3n de las necesidades que se puedan dar para atender proyectos sustentables, con viabilidad, con un alto impacto social, que sean asociativos, cooperativistas o de autogesti\u00f3n\u009d.<\/p>\n<p>El ex diputado admiti\u00f3 tambi\u00e9n que el monto del aporte del Banco Rep\u00fablica al Fondes tambi\u00e9n ser\u00e1 parte del debate legislativo. \u009dEl m\u00e1ximo ya est\u00e1 establecido, y me consta que el PIT-CNT y algunos sectores parlamentarios est\u00e1n planteando, es la necesidad de fijar un m\u00ednimo, y eso es parte del debate que seguramente se va a dar. Tambi\u00e9n sobre otro aspecto que tiene que ver con un tope m\u00e1ximo por emprendimiento en funci\u00f3n de la masa total que exista en el fondo. Me consta porque lo hemos venido conversando que se est\u00e1 planeando buscar alguna alternativa\u009d.<\/p>\n<p>Fuente:http:\/\/www.republica.com.uy\/liberan-recursos-del-fondes\/510168\/<\/p>\n","protected":false},"excerpt":{"rendered":"<p>Gustavo Bernini, nuevo presidente del Instituto Nacional del Cooperativismo (Inacoop), anunci\u00f3 que esta semana posterior al feriado de Turismo, se comenzar\u00e1n a resolver pr\u00e9stamos ya estudiar proyectos que est\u00e1n en la \u00f3rbita del Fondo de Desarrollo (Fondes) y que pasan a depender de ese instituto.<\/p>\n","protected":false},"author":1,"featured_media":0,"comment_status":"closed","ping_status":"Open","sticky":false,"template":"","format":"standard","meta":{"_acf_changed":false,"ngg_post_thumbnail":0,"footnotes":""},"categories":[6],"tags":[],"class_list":["post-1375","post","type-post","status-publish","format-standard","hentry","category-institucionales"],"acf":[],"_links":{"self":[{"href":"http:\/\/www.cudecoop.coop\/cudecoop\/wp-json\/wp\/v2\/posts\/1375","targetHints":{"allow":["GET"]}}],"collection":[{"href":"http:\/\/www.cudecoop.coop\/cudecoop\/wp-json\/wp\/v2\/posts"}],"about":[{"href":"http:\/\/www.cudecoop.coop\/cudecoop\/wp-json\/wp\/v2\/types\/post"}],"author":[{"embeddable":true,"href":"http:\/\/www.cudecoop.coop\/cudecoop\/wp-json\/wp\/v2\/users\/1"}],"replies":[{"embeddable":true,"href":"http:\/\/www.cudecoop.coop\/cudecoop\/wp-json\/wp\/v2\/comments?post=1375"}],"version-history":[{"count":0,"href":"http:\/\/www.cudecoop.coop\/cudecoop\/wp-json\/wp\/v2\/posts\/1375\/revisions"}],"wp:attachment":[{"href":"http:\/\/www.cudecoop.coop\/cudecoop\/wp-json\/wp\/v2\/media?parent=1375"}],"wp:term":[{"taxonomy":"category","embeddable":true,"href":"http:\/\/www.cudecoop.coop\/cudecoop\/wp-json\/wp\/v2\/categories?post=1375"},{"taxonomy":"post_tag","embeddable":true,"href":"http:\/\/www.cudecoop.coop\/cudecoop\/wp-json\/wp\/v2\/tags?post=1375"}],"curies":[{"name":"wp","href":"https:\/\/api.w.org\/{rel}","templated":true}]}}