{"id":1374,"date":"2015-03-16T19:31:00","date_gmt":"2015-03-16T19:31:00","guid":{"rendered":"http:\/\/www.cudecoop.coop\/cudecoop\/?p=1374"},"modified":"2015-03-16T19:31:00","modified_gmt":"2015-03-16T19:31:00","slug":"proyectos-del-fondes-pasarian-a-inacoop","status":"publish","type":"post","link":"http:\/\/www.cudecoop.coop\/cudecoop\/proyectos-del-fondes-pasarian-a-inacoop\/","title":{"rendered":"Proyectos del Fondes pasar\u00edan a Inacoop"},"content":{"rendered":"<p>La cartera de cr\u00e9ditos otorgados por el Fondo de Desarrollo pasar\u00eda a ser administrada por el Instituto Nacional de Cooperativismo, seg\u00fan supo No toquen nada en base a fuentes del gobierno. Adem\u00e1s, el Inacoop ser\u00eda el encargado de los nuevos emprendimientos corporativos o autogestionados que financie el Poder Ejecutivo, como lo hizo hasta ahora el Fondes.<\/p>\n<p>El directorio actual del Inacoop no fue consultado sobre el nuevo Fondes, pero su presidente Fernando Berasain tiene informaci\u00f3n extra oficial sobre el pasaje del fondes.<\/p>\n<p>\u009dSe plantea que en la nueva institucionalidad la administraci\u00f3n del Fondes ser\u00eda dada a partes de diferentes instituciones y una ser\u00eda el Inacoop para que se encargue de la parte de las cooperativas\u009d, se\u00f1al\u00f3.<\/p>\n<p>El Inacoop es presidido por Fernando Berasain, pero su nuevo presidente ser\u00e1 el ex diputado socialista Gustavo Bernini.<\/p>\n<p>Durante la gesti\u00f3n de Mujica, el Fondes dispuso de unos 130 millones de d\u00f3lares para otorgar l\u00edneas de cr\u00e9ditos  y utiliz\u00f3 60 millones. De esos 60, 15 est\u00e1n asignados para Alas Uruguay.<\/p>\n<p>Berasain dice que el Inacoop -creado durante la primera presidencia de V\u00e1zquez- deber\u00eda crear una nueva unidad porque con su estructura actual no podr\u00eda hacerse cargo de los proyectos.<\/p>\n<p>\u009dUna cuesti\u00f3n el Fondes, creaci\u00f3n del presidente Mujica para que aquellos trabajadores que no ten\u00edan garant\u00edas para desarrollar sus emprendimientos las obtuvieran, y otra cosa es el Inacoop, que es un instituto producto de la lucha de los cooperativistas y que fue en la primera Presidencia de V\u00e1zquez, en 2008, cuando sale la ley y lo constituye\u009d, explic\u00f3.<\/p>\n<p>Adem\u00e1s el Inacoop necesitar\u00eda dinero del Fondes, que podr\u00eda venir de dinero brindado por el mismo Fondes o de la devoluci\u00f3n de los pr\u00e9stamos que el Fondes ya tiene ejecutados.<\/p>\n<p>En total Fondes tiene hasta el momento unos 30 proyectos aprobados y unos 22 a estudio.<\/p>\n<p>Inacoop tambi\u00e9n necesitar\u00eda dinero del Fondes, que podr\u00eda venir de dinero brindado por el mismo Fondes o de la devoluci\u00f3n de los pr\u00e9stamos que el Fondes ya tiene ejecutados. (por ahora se devolvieron 1.5 millones de d\u00f3lares de los 60, por lo que no es f\u00e1cil -en el corto plazo- tener dinero de all\u00ed para volver a dar cr\u00e9dito)<\/p>\n<p>\u009dLa gente a veces no asume, porque no lo hemos comunicado bien, que esto es un pr\u00e9stamo. El Fondes lo que hace es prestar, por lo tanto las empresas cooperativas tienen compromiso de devolver. Ahora lo que se nos comenta extraoficialmente es que habr\u00eda un tope, un porcentaje que ser\u00eda el m\u00e1ximo que se dar\u00eda de apoyo. Hasta hoy no hab\u00eda un tope; de acuerdo a cada proyecto se analizaba y el Fondes dec\u00eda &#8216;te doy 5&#8217;, &#8216;te doy 3&#8217;, &#8216;te doy 4&#8217; o &#8216;te doy 1&#8242;&#8221;, explic\u00f3 Berasain.<\/p>\n<p>En 2012 hubo un acuerdo entre Inacoop y Fondes para hacer an\u00e1lisis conjunto de los proyectos e intercambios t\u00e9cnicos, pero eso no funcion\u00f3 y lo \u00fanico que qued\u00f3 fue un pr\u00e9stamo puente (del Fondes pero a trav\u00e9s de Inacoop) para Profuncoop, un emprendimiento cooperativo. Este es un ejemplo de c\u00f3mo funcionar\u00eda la nueva institucionalidad.<\/p>\n<p>\u009dSer\u00eda sano crear una unidad que se encargue espec\u00edficamente de aquellos emprendimientos -como el Profuncoop que ya estamos involucrados- y no afectase el resto del accionar del instituto, que pasa por ser un \u00f3rgano de promoci\u00f3n\u009d, dijo.<\/p>\n<p>El Inacoop fue creado como persona jur\u00eddica de derecho p\u00fablico no estatal, por el art\u00edculo 186 de la Ley General de Cooperativas (ley 18.407 de octubre de 2008). Es quien propone, asesora y ejecuta la pol\u00edtica nacional del cooperativismo. Tiene como objetivo promover el desarrollo econ\u00f3mico, social y cultural del sector cooperativo y su inserci\u00f3n en el desarrollo del pa\u00eds.<\/p>\n<p>Fuente: http:\/\/www.180.com.uy\/articulo\/54145_creditos-del-fondes-pasarian-a-inacoop<\/p>\n","protected":false},"excerpt":{"rendered":"<p>La cartera de cr\u00e9ditos otorgados por el Fondo de Desarrollo pasar\u00eda a ser administrada por el Instituto Nacional de Cooperativismo, seg\u00fan supo No toquen nada en base a fuentes del gobierno. Adem\u00e1s, el Inacoop ser\u00eda el encargado de los nuevos emprendimientos corporativos o autogestionados que financie el Poder Ejecutivo, como lo hizo hasta ahora el Fondes.<\/p>\n","protected":false},"author":1,"featured_media":0,"comment_status":"closed","ping_status":"Open","sticky":false,"template":"","format":"standard","meta":{"_acf_changed":false,"ngg_post_thumbnail":0,"footnotes":""},"categories":[6],"tags":[],"class_list":["post-1374","post","type-post","status-publish","format-standard","hentry","category-institucionales"],"acf":[],"_links":{"self":[{"href":"http:\/\/www.cudecoop.coop\/cudecoop\/wp-json\/wp\/v2\/posts\/1374","targetHints":{"allow":["GET"]}}],"collection":[{"href":"http:\/\/www.cudecoop.coop\/cudecoop\/wp-json\/wp\/v2\/posts"}],"about":[{"href":"http:\/\/www.cudecoop.coop\/cudecoop\/wp-json\/wp\/v2\/types\/post"}],"author":[{"embeddable":true,"href":"http:\/\/www.cudecoop.coop\/cudecoop\/wp-json\/wp\/v2\/users\/1"}],"replies":[{"embeddable":true,"href":"http:\/\/www.cudecoop.coop\/cudecoop\/wp-json\/wp\/v2\/comments?post=1374"}],"version-history":[{"count":0,"href":"http:\/\/www.cudecoop.coop\/cudecoop\/wp-json\/wp\/v2\/posts\/1374\/revisions"}],"wp:attachment":[{"href":"http:\/\/www.cudecoop.coop\/cudecoop\/wp-json\/wp\/v2\/media?parent=1374"}],"wp:term":[{"taxonomy":"category","embeddable":true,"href":"http:\/\/www.cudecoop.coop\/cudecoop\/wp-json\/wp\/v2\/categories?post=1374"},{"taxonomy":"post_tag","embeddable":true,"href":"http:\/\/www.cudecoop.coop\/cudecoop\/wp-json\/wp\/v2\/tags?post=1374"}],"curies":[{"name":"wp","href":"https:\/\/api.w.org\/{rel}","templated":true}]}}