{"id":1373,"date":"2015-03-16T19:27:00","date_gmt":"2015-03-16T19:27:00","guid":{"rendered":"http:\/\/www.cudecoop.coop\/cudecoop\/?p=1373"},"modified":"2015-03-16T19:27:00","modified_gmt":"2015-03-16T19:27:00","slug":"entrevista-a-alvaro-garcia-director-de-opp","status":"publish","type":"post","link":"http:\/\/www.cudecoop.coop\/cudecoop\/entrevista-a-alvaro-garcia-director-de-opp\/","title":{"rendered":"Entrevista a Alvaro Garc\u00eda &#8211; Director de OPP"},"content":{"rendered":"<p>Siempre con el \u00e9nfasis en la competitividad y en la productividad de las empresas, el director de la OPP \u00c1lvaro Garc\u00eda defiende los aspectos medulares del proyecto de ley que institucionaliza el Fondes, ajustado por la administraci\u00f3n V\u00e1zquez. Reivindica la autogesti\u00f3n obrera y el modelo cooperativo, pero discrepa con \u201cembretar\u201d al Banco Rep\u00fablica.<\/p>\n<p>http:\/\/brecha.com.uy\/no-se-trata-de-abrazar-fierros-viejos\/#disqus_thread<\/p>\n","protected":false},"excerpt":{"rendered":"<p>Siempre con el \u00e9nfasis en la competitividad y en la productividad de las empresas, el director de la OPP \u00c1lvaro Garc\u00eda defiende los aspectos medulares del proyecto de ley que institucionaliza el Fondes, ajustado por la administraci\u00f3n V\u00e1zquez. Reivindica la autogesti\u00f3n obrera y el modelo cooperativo, pero discrepa con \u201cembretar\u201d al Banco Rep\u00fablica.<\/p>\n","protected":false},"author":1,"featured_media":0,"comment_status":"closed","ping_status":"Open","sticky":false,"template":"","format":"standard","meta":{"_acf_changed":false,"ngg_post_thumbnail":0,"footnotes":""},"categories":[6],"tags":[],"class_list":["post-1373","post","type-post","status-publish","format-standard","hentry","category-institucionales"],"acf":[],"_links":{"self":[{"href":"http:\/\/www.cudecoop.coop\/cudecoop\/wp-json\/wp\/v2\/posts\/1373","targetHints":{"allow":["GET"]}}],"collection":[{"href":"http:\/\/www.cudecoop.coop\/cudecoop\/wp-json\/wp\/v2\/posts"}],"about":[{"href":"http:\/\/www.cudecoop.coop\/cudecoop\/wp-json\/wp\/v2\/types\/post"}],"author":[{"embeddable":true,"href":"http:\/\/www.cudecoop.coop\/cudecoop\/wp-json\/wp\/v2\/users\/1"}],"replies":[{"embeddable":true,"href":"http:\/\/www.cudecoop.coop\/cudecoop\/wp-json\/wp\/v2\/comments?post=1373"}],"version-history":[{"count":0,"href":"http:\/\/www.cudecoop.coop\/cudecoop\/wp-json\/wp\/v2\/posts\/1373\/revisions"}],"wp:attachment":[{"href":"http:\/\/www.cudecoop.coop\/cudecoop\/wp-json\/wp\/v2\/media?parent=1373"}],"wp:term":[{"taxonomy":"category","embeddable":true,"href":"http:\/\/www.cudecoop.coop\/cudecoop\/wp-json\/wp\/v2\/categories?post=1373"},{"taxonomy":"post_tag","embeddable":true,"href":"http:\/\/www.cudecoop.coop\/cudecoop\/wp-json\/wp\/v2\/tags?post=1373"}],"curies":[{"name":"wp","href":"https:\/\/api.w.org\/{rel}","templated":true}]}}