{"id":1342,"date":"2017-08-29T12:30:00","date_gmt":"2017-08-29T12:30:00","guid":{"rendered":"http:\/\/www.cudecoop.coop\/cudecoop\/?p=1342"},"modified":"2017-08-29T12:30:00","modified_gmt":"2017-08-29T12:30:00","slug":"analisis-de-la-coyuntura-politica-economica-y-social","status":"publish","type":"post","link":"http:\/\/www.cudecoop.coop\/cudecoop\/analisis-de-la-coyuntura-politica-economica-y-social\/","title":{"rendered":"An\u00e1lisis de la coyuntura pol\u00edtica, econ\u00f3mica y social"},"content":{"rendered":"<p>Se realiz\u00f3 con \u00e9xito el 2do taller de Formaci\u00f3n de Dirigentes Cooperativos<\/p>\n<p>De la mano de Gabriela Mordecki y de Gerardo Caetano, se realiz\u00f3 en instalaciones de CACSON el 2do taller dirigido a los dirigentes de la Confederaci\u00f3n y sus federaciones socias.<\/p>\n<p>La economista Mordecki junto al historiador y polit\u00f3logo Caetano, realizaron un an\u00e1lisis sobre el contexto sociopol\u00edtico y econ\u00f3mico nacional y regional, como insumo para la definici\u00f3n de planes estrat\u00e9gicos de las cooperativas. <\/p>\n<p>Las exposiciones est\u00e1n disponibles en nuestro canal de Youtube.<\/p>\n","protected":false},"excerpt":{"rendered":"<p>Se realiz\u00f3 con \u00e9xito el 2do taller de Formaci\u00f3n de Dirigentes Cooperativos<\/p>\n","protected":false},"author":1,"featured_media":0,"comment_status":"closed","ping_status":"Open","sticky":false,"template":"","format":"standard","meta":{"_acf_changed":false,"ngg_post_thumbnail":0,"footnotes":""},"categories":[7],"tags":[],"class_list":["post-1342","post","type-post","status-publish","format-standard","hentry","category-cooperativas"],"acf":[],"_links":{"self":[{"href":"http:\/\/www.cudecoop.coop\/cudecoop\/wp-json\/wp\/v2\/posts\/1342","targetHints":{"allow":["GET"]}}],"collection":[{"href":"http:\/\/www.cudecoop.coop\/cudecoop\/wp-json\/wp\/v2\/posts"}],"about":[{"href":"http:\/\/www.cudecoop.coop\/cudecoop\/wp-json\/wp\/v2\/types\/post"}],"author":[{"embeddable":true,"href":"http:\/\/www.cudecoop.coop\/cudecoop\/wp-json\/wp\/v2\/users\/1"}],"replies":[{"embeddable":true,"href":"http:\/\/www.cudecoop.coop\/cudecoop\/wp-json\/wp\/v2\/comments?post=1342"}],"version-history":[{"count":0,"href":"http:\/\/www.cudecoop.coop\/cudecoop\/wp-json\/wp\/v2\/posts\/1342\/revisions"}],"wp:attachment":[{"href":"http:\/\/www.cudecoop.coop\/cudecoop\/wp-json\/wp\/v2\/media?parent=1342"}],"wp:term":[{"taxonomy":"category","embeddable":true,"href":"http:\/\/www.cudecoop.coop\/cudecoop\/wp-json\/wp\/v2\/categories?post=1342"},{"taxonomy":"post_tag","embeddable":true,"href":"http:\/\/www.cudecoop.coop\/cudecoop\/wp-json\/wp\/v2\/tags?post=1342"}],"curies":[{"name":"wp","href":"https:\/\/api.w.org\/{rel}","templated":true}]}}