{"id":1336,"date":"2017-08-11T12:08:00","date_gmt":"2017-08-11T12:08:00","guid":{"rendered":"http:\/\/www.cudecoop.coop\/cudecoop\/?p=1336"},"modified":"2017-08-11T12:08:00","modified_gmt":"2017-08-11T12:08:00","slug":"68-consejo-de-administracion-de-cooperativas-de-las-americas","status":"publish","type":"post","link":"http:\/\/www.cudecoop.coop\/cudecoop\/68-consejo-de-administracion-de-cooperativas-de-las-americas\/","title":{"rendered":"68\u00aa Consejo de Administraci\u00f3n de Cooperativas de las Am\u00e9ricas"},"content":{"rendered":"<p>Desde el mi\u00e9rcoles 9 al viernes 11 de agosto se llev\u00f3 a cabo en la ciudad de Santiago de Chile.<\/p>\n<p>Desde el mi\u00e9rcoles 9 al viernes 11 de agosto se lleva a cabo en Santiago de Chile el 68\u00aa Consejo de Administraci\u00f3n de Cooperativas de las Am\u00e9ricas, con la participaci\u00f3n de los m\u00e1s importantes representantes de cooperativas de todo el continente, participando por CUDECOOP, nuestra Presidenta, Dra. Graciela Fern\u00e1ndez y nuestra Vicepresidenta, Sra. \u00c1ngeles Dati. <\/p>\n<p>La delegaci\u00f3n de la Confederaci\u00f3n ha participado en diversas actividades asociadas al propio Consejo de Administraci\u00f3n. Entre ellas se destaca la participaci\u00f3n en el Comit\u00e9 Regional de Equidad de G\u00e9nero, CREG; la recorrida por la zona de San Bernardo para conocer la experiencia de cooperativas de vivienda de CONAVICOOP, as\u00ed como una reuni\u00f3n con cooperativas agrarias.<\/p>\n<p>La representaci\u00f3n uruguaya llev\u00f3 los aportes de las organizaciones nacionales de la Red de Cooperativas de Vivienda y fue reforzada con la participaci\u00f3n del Presidente de FCPU, Luis Alvez, en la actividad sectorial de trabajo (CICOPA)<\/p>\n","protected":false},"excerpt":{"rendered":"<p>Desde el mi\u00e9rcoles 9 al viernes 11 de agosto se llev\u00f3 a cabo en la ciudad de Santiago de Chile.<\/p>\n","protected":false},"author":1,"featured_media":1762,"comment_status":"closed","ping_status":"Open","sticky":false,"template":"","format":"standard","meta":{"_acf_changed":false,"ngg_post_thumbnail":0,"footnotes":""},"categories":[7],"tags":[],"class_list":["post-1336","post","type-post","status-publish","format-standard","has-post-thumbnail","hentry","category-cooperativas"],"acf":[],"_links":{"self":[{"href":"http:\/\/www.cudecoop.coop\/cudecoop\/wp-json\/wp\/v2\/posts\/1336","targetHints":{"allow":["GET"]}}],"collection":[{"href":"http:\/\/www.cudecoop.coop\/cudecoop\/wp-json\/wp\/v2\/posts"}],"about":[{"href":"http:\/\/www.cudecoop.coop\/cudecoop\/wp-json\/wp\/v2\/types\/post"}],"author":[{"embeddable":true,"href":"http:\/\/www.cudecoop.coop\/cudecoop\/wp-json\/wp\/v2\/users\/1"}],"replies":[{"embeddable":true,"href":"http:\/\/www.cudecoop.coop\/cudecoop\/wp-json\/wp\/v2\/comments?post=1336"}],"version-history":[{"count":0,"href":"http:\/\/www.cudecoop.coop\/cudecoop\/wp-json\/wp\/v2\/posts\/1336\/revisions"}],"wp:featuredmedia":[{"embeddable":true,"href":"http:\/\/www.cudecoop.coop\/cudecoop\/wp-json\/wp\/v2\/media\/1762"}],"wp:attachment":[{"href":"http:\/\/www.cudecoop.coop\/cudecoop\/wp-json\/wp\/v2\/media?parent=1336"}],"wp:term":[{"taxonomy":"category","embeddable":true,"href":"http:\/\/www.cudecoop.coop\/cudecoop\/wp-json\/wp\/v2\/categories?post=1336"},{"taxonomy":"post_tag","embeddable":true,"href":"http:\/\/www.cudecoop.coop\/cudecoop\/wp-json\/wp\/v2\/tags?post=1336"}],"curies":[{"name":"wp","href":"https:\/\/api.w.org\/{rel}","templated":true}]}}