{"id":1333,"date":"2017-08-09T18:09:00","date_gmt":"2017-08-09T18:09:00","guid":{"rendered":"http:\/\/www.cudecoop.coop\/cudecoop\/?p=1333"},"modified":"2017-08-09T18:09:00","modified_gmt":"2017-08-09T18:09:00","slug":"encuentro-intercooperativo-en-paysandu","status":"publish","type":"post","link":"http:\/\/www.cudecoop.coop\/cudecoop\/encuentro-intercooperativo-en-paysandu\/","title":{"rendered":"Encuentro intercooperativo en PAYSAND\u00da"},"content":{"rendered":"<p>La mesa intercooperativa de PAYSAND\u00da invita a participar del encuentro a todas las cooperativas del departamento. El mismo se realizar\u00e1 el viernes 18 de agosto en el Mercado Municipal (calle Sarand\u00ed esq. Montevideo) a la hora 17.30.<\/p>\n<p>La actividad cuenta con la apertura a cargo de la Confederaci\u00f3n Uruguaya de Entidades Cooperativas, CUDECOOP, en voz de su presidenta, la Dra. Graciela Fern\u00e1ndez.<br \/>\nEste encuentro ser\u00e1 el espacio de presentaci\u00f3n del nuevo Fondo para el Desarrollo, FONDES-INACOOP,  a cargo del representante por el movimiento cooperativo, el Sr. Gerardo Fern\u00e1ndez.<br \/>\nLa actividad concluir\u00e1 con un taller sobre intercooperaci\u00f3n. <\/p>\n<p>\u00a1Les esperamos!<\/p>\n","protected":false},"excerpt":{"rendered":"<p>La mesa intercooperativa de PAYSAND\u00da invita a participar del encuentro a todas las cooperativas del departamento. El mismo se realizar\u00e1 el viernes 18 de agosto en el Mercado Municipal (calle Sarand\u00ed esq. Montevideo) a la hora 17.30.<\/p>\n","protected":false},"author":1,"featured_media":1761,"comment_status":"closed","ping_status":"Open","sticky":false,"template":"","format":"standard","meta":{"_acf_changed":false,"ngg_post_thumbnail":0,"footnotes":""},"categories":[7],"tags":[],"class_list":["post-1333","post","type-post","status-publish","format-standard","has-post-thumbnail","hentry","category-cooperativas"],"acf":[],"_links":{"self":[{"href":"http:\/\/www.cudecoop.coop\/cudecoop\/wp-json\/wp\/v2\/posts\/1333","targetHints":{"allow":["GET"]}}],"collection":[{"href":"http:\/\/www.cudecoop.coop\/cudecoop\/wp-json\/wp\/v2\/posts"}],"about":[{"href":"http:\/\/www.cudecoop.coop\/cudecoop\/wp-json\/wp\/v2\/types\/post"}],"author":[{"embeddable":true,"href":"http:\/\/www.cudecoop.coop\/cudecoop\/wp-json\/wp\/v2\/users\/1"}],"replies":[{"embeddable":true,"href":"http:\/\/www.cudecoop.coop\/cudecoop\/wp-json\/wp\/v2\/comments?post=1333"}],"version-history":[{"count":0,"href":"http:\/\/www.cudecoop.coop\/cudecoop\/wp-json\/wp\/v2\/posts\/1333\/revisions"}],"wp:featuredmedia":[{"embeddable":true,"href":"http:\/\/www.cudecoop.coop\/cudecoop\/wp-json\/wp\/v2\/media\/1761"}],"wp:attachment":[{"href":"http:\/\/www.cudecoop.coop\/cudecoop\/wp-json\/wp\/v2\/media?parent=1333"}],"wp:term":[{"taxonomy":"category","embeddable":true,"href":"http:\/\/www.cudecoop.coop\/cudecoop\/wp-json\/wp\/v2\/categories?post=1333"},{"taxonomy":"post_tag","embeddable":true,"href":"http:\/\/www.cudecoop.coop\/cudecoop\/wp-json\/wp\/v2\/tags?post=1333"}],"curies":[{"name":"wp","href":"https:\/\/api.w.org\/{rel}","templated":true}]}}