{"id":1325,"date":"2017-07-26T10:33:00","date_gmt":"2017-07-26T10:33:00","guid":{"rendered":"http:\/\/www.cudecoop.coop\/cudecoop\/?p=1325"},"modified":"2017-07-26T10:33:00","modified_gmt":"2017-07-26T10:33:00","slug":"programa-de-formacion-de-dirigentes-cooperativos","status":"publish","type":"post","link":"http:\/\/www.cudecoop.coop\/cudecoop\/programa-de-formacion-de-dirigentes-cooperativos\/","title":{"rendered":"Programa de Formaci\u00f3n de Dirigentes Cooperativos"},"content":{"rendered":"<p>El jueves 27 de julio comienza el primer programa de formaci\u00f3n de la Escuela Nacional de Cooperativismo.<\/p>\n<p>El Programa de Formaci\u00f3n de Dirigentes Cooperativos surge a partir de las definiciones del Consejo Directivo de CUDECOOP respecto a la estrategia general de desarrollo de la educaci\u00f3n cooperativa (Plan Estrat\u00e9gico 2017-2018); la necesidad de retomar a nivel de la Confederaci\u00f3n una propuesta espec\u00edfica para las m\u00e1ximas autoridades del movimiento cooperativo; y la prioridad de consolidaci\u00f3n de la Escuela Nacional de Cooperativismo a partir del apoyo al Movimiento a trav\u00e9s de las herramientas brindadas por el INEFOP. <\/p>\n<p>Participan de la formaci\u00f3n el Consejo Directivo de la Confederaci\u00f3n y los dirigentes de las Federaciones socias. <\/p>\n<p>En el adjunto se puede ampliar informaci\u00f3n sobre el Programa de Formaci\u00f3n de Dirigentes Cooperativos.<\/p>\n","protected":false},"excerpt":{"rendered":"<p>El jueves 27 de julio comienza el primer programa de formaci\u00f3n de la Escuela Nacional de Cooperativismo.<\/p>\n","protected":false},"author":1,"featured_media":0,"comment_status":"closed","ping_status":"Open","sticky":false,"template":"","format":"standard","meta":{"_acf_changed":false,"ngg_post_thumbnail":0,"footnotes":""},"categories":[7],"tags":[],"class_list":["post-1325","post","type-post","status-publish","format-standard","hentry","category-cooperativas"],"acf":[],"_links":{"self":[{"href":"http:\/\/www.cudecoop.coop\/cudecoop\/wp-json\/wp\/v2\/posts\/1325","targetHints":{"allow":["GET"]}}],"collection":[{"href":"http:\/\/www.cudecoop.coop\/cudecoop\/wp-json\/wp\/v2\/posts"}],"about":[{"href":"http:\/\/www.cudecoop.coop\/cudecoop\/wp-json\/wp\/v2\/types\/post"}],"author":[{"embeddable":true,"href":"http:\/\/www.cudecoop.coop\/cudecoop\/wp-json\/wp\/v2\/users\/1"}],"replies":[{"embeddable":true,"href":"http:\/\/www.cudecoop.coop\/cudecoop\/wp-json\/wp\/v2\/comments?post=1325"}],"version-history":[{"count":0,"href":"http:\/\/www.cudecoop.coop\/cudecoop\/wp-json\/wp\/v2\/posts\/1325\/revisions"}],"wp:attachment":[{"href":"http:\/\/www.cudecoop.coop\/cudecoop\/wp-json\/wp\/v2\/media?parent=1325"}],"wp:term":[{"taxonomy":"category","embeddable":true,"href":"http:\/\/www.cudecoop.coop\/cudecoop\/wp-json\/wp\/v2\/categories?post=1325"},{"taxonomy":"post_tag","embeddable":true,"href":"http:\/\/www.cudecoop.coop\/cudecoop\/wp-json\/wp\/v2\/tags?post=1325"}],"curies":[{"name":"wp","href":"https:\/\/api.w.org\/{rel}","templated":true}]}}