{"id":1324,"date":"2017-07-24T22:27:00","date_gmt":"2017-07-24T22:27:00","guid":{"rendered":"http:\/\/www.cudecoop.coop\/cudecoop\/?p=1324"},"modified":"2017-07-24T22:27:00","modified_gmt":"2017-07-24T22:27:00","slug":"lanzamiento-nuevos-emprendimientos-de-incubacoop","status":"publish","type":"post","link":"http:\/\/www.cudecoop.coop\/cudecoop\/lanzamiento-nuevos-emprendimientos-de-incubacoop\/","title":{"rendered":"Lanzamiento nuevos emprendimientos de INCUBACOOP"},"content":{"rendered":"<p>Actividad de presentaci\u00f3n de los equipos seleccionados en el 2do llamado de la incubadora de cooperativas de base tecnol\u00f3gica.<\/p>\n<p>El pr\u00f3ximo mi\u00e9rcoles 26 de julio a las 13h nos encontramos en el sal\u00f3n de actos del Inacoop para la presentaci\u00f3n de los nuevos emprendimientos seleccionados por la primer y \u00fanica cooperativa de base tecnol\u00f3gica de nuestro pa\u00eds. <\/p>\n<p>Contaremos con la presencia de la ministra de Industria, Energ\u00eda y Miner\u00eda, Ing. Carolina Cosse, el presidente del Instituto Nacional del Cooperativismo, Sr. Gustavo Bernini y la presidenta de la Confederaci\u00f3n Nacional de Entidades Cooperativas, Dra. Graciela Fern\u00e1ndez. <\/p>\n<p>Mi\u00e9rcoles 26 de julio, 13 h<br \/>\nCalle: San Jos\u00e9 1414\/1418 esquina Santiago de Chile, Montevideo.<\/p>\n","protected":false},"excerpt":{"rendered":"<p>Actividad de presentaci\u00f3n de los equipos seleccionados en el 2do llamado de la incubadora de cooperativas de base tecnol\u00f3gica.<\/p>\n","protected":false},"author":1,"featured_media":1807,"comment_status":"closed","ping_status":"Open","sticky":false,"template":"","format":"standard","meta":{"_acf_changed":false,"ngg_post_thumbnail":0,"footnotes":""},"categories":[7],"tags":[],"class_list":["post-1324","post","type-post","status-publish","format-standard","has-post-thumbnail","hentry","category-cooperativas"],"acf":[],"_links":{"self":[{"href":"http:\/\/www.cudecoop.coop\/cudecoop\/wp-json\/wp\/v2\/posts\/1324","targetHints":{"allow":["GET"]}}],"collection":[{"href":"http:\/\/www.cudecoop.coop\/cudecoop\/wp-json\/wp\/v2\/posts"}],"about":[{"href":"http:\/\/www.cudecoop.coop\/cudecoop\/wp-json\/wp\/v2\/types\/post"}],"author":[{"embeddable":true,"href":"http:\/\/www.cudecoop.coop\/cudecoop\/wp-json\/wp\/v2\/users\/1"}],"replies":[{"embeddable":true,"href":"http:\/\/www.cudecoop.coop\/cudecoop\/wp-json\/wp\/v2\/comments?post=1324"}],"version-history":[{"count":0,"href":"http:\/\/www.cudecoop.coop\/cudecoop\/wp-json\/wp\/v2\/posts\/1324\/revisions"}],"wp:featuredmedia":[{"embeddable":true,"href":"http:\/\/www.cudecoop.coop\/cudecoop\/wp-json\/wp\/v2\/media\/1807"}],"wp:attachment":[{"href":"http:\/\/www.cudecoop.coop\/cudecoop\/wp-json\/wp\/v2\/media?parent=1324"}],"wp:term":[{"taxonomy":"category","embeddable":true,"href":"http:\/\/www.cudecoop.coop\/cudecoop\/wp-json\/wp\/v2\/categories?post=1324"},{"taxonomy":"post_tag","embeddable":true,"href":"http:\/\/www.cudecoop.coop\/cudecoop\/wp-json\/wp\/v2\/tags?post=1324"}],"curies":[{"name":"wp","href":"https:\/\/api.w.org\/{rel}","templated":true}]}}