{"id":1321,"date":"2017-07-13T20:10:00","date_gmt":"2017-07-13T20:10:00","guid":{"rendered":"http:\/\/www.cudecoop.coop\/cudecoop\/?p=1321"},"modified":"2017-07-13T20:10:00","modified_gmt":"2017-07-13T20:10:00","slug":"encuentro-de-juventud","status":"publish","type":"post","link":"http:\/\/www.cudecoop.coop\/cudecoop\/encuentro-de-juventud\/","title":{"rendered":"Encuentro de JUVENTUD"},"content":{"rendered":"<p>Reuni\u00f3n del comit\u00e9 de J\u00f3venes de CUDECOOP.<br \/>\nViernes 21 de julio, 10.30 hs, en ENLACE, Agraciada 2332<\/p>\n<p>El pr\u00f3ximo viernes 21 de julio, los j\u00f3venes cooperativistas nos reunimos para retomar las actividades del encuentro de Juventud de la IV Cumbre Cooperativa de las Am\u00e9ricas, con miras de generar una l\u00ednea de trabajo permamente. Invitamos a acercarse a todos los j\u00f3venes de las cooperativas para sumarse a este plan de trabajo. <\/p>\n<p>Nos acompa\u00f1ar\u00e1 la representante mundial de la Juventud Cooperativa, Gabriela Buffa (Arg.)<\/p>\n<p>Viernes 21 de julio, 10.30 hs, en ENLACE, Agraciada 2332 esquina San Mart\u00edn. <\/p>\n<p>Confirmar asistencia en cudecoop@cudecoop.coop<\/p>\n","protected":false},"excerpt":{"rendered":"<p>Reuni\u00f3n del comit\u00e9 de J\u00f3venes de CUDECOOP.<br \/>\nViernes 21 de julio, 10.30 hs, en ENLACE, Agraciada 2332<\/p>\n","protected":false},"author":1,"featured_media":1756,"comment_status":"closed","ping_status":"Open","sticky":false,"template":"","format":"standard","meta":{"_acf_changed":false,"ngg_post_thumbnail":0,"footnotes":""},"categories":[7],"tags":[],"class_list":["post-1321","post","type-post","status-publish","format-standard","has-post-thumbnail","hentry","category-cooperativas"],"acf":[],"_links":{"self":[{"href":"http:\/\/www.cudecoop.coop\/cudecoop\/wp-json\/wp\/v2\/posts\/1321","targetHints":{"allow":["GET"]}}],"collection":[{"href":"http:\/\/www.cudecoop.coop\/cudecoop\/wp-json\/wp\/v2\/posts"}],"about":[{"href":"http:\/\/www.cudecoop.coop\/cudecoop\/wp-json\/wp\/v2\/types\/post"}],"author":[{"embeddable":true,"href":"http:\/\/www.cudecoop.coop\/cudecoop\/wp-json\/wp\/v2\/users\/1"}],"replies":[{"embeddable":true,"href":"http:\/\/www.cudecoop.coop\/cudecoop\/wp-json\/wp\/v2\/comments?post=1321"}],"version-history":[{"count":0,"href":"http:\/\/www.cudecoop.coop\/cudecoop\/wp-json\/wp\/v2\/posts\/1321\/revisions"}],"wp:featuredmedia":[{"embeddable":true,"href":"http:\/\/www.cudecoop.coop\/cudecoop\/wp-json\/wp\/v2\/media\/1756"}],"wp:attachment":[{"href":"http:\/\/www.cudecoop.coop\/cudecoop\/wp-json\/wp\/v2\/media?parent=1321"}],"wp:term":[{"taxonomy":"category","embeddable":true,"href":"http:\/\/www.cudecoop.coop\/cudecoop\/wp-json\/wp\/v2\/categories?post=1321"},{"taxonomy":"post_tag","embeddable":true,"href":"http:\/\/www.cudecoop.coop\/cudecoop\/wp-json\/wp\/v2\/tags?post=1321"}],"curies":[{"name":"wp","href":"https:\/\/api.w.org\/{rel}","templated":true}]}}