{"id":1320,"date":"2017-07-13T20:04:00","date_gmt":"2017-07-13T20:04:00","guid":{"rendered":"http:\/\/www.cudecoop.coop\/cudecoop\/?p=1320"},"modified":"2017-07-13T20:04:00","modified_gmt":"2017-07-13T20:04:00","slug":"construyendo-intercooperacion","status":"publish","type":"post","link":"http:\/\/www.cudecoop.coop\/cudecoop\/construyendo-intercooperacion\/","title":{"rendered":"Construyendo intercooperaci\u00f3n"},"content":{"rendered":"<p>Encuentro de cooperativas y econom\u00eda solidaria en CANELONES<br \/>\nS\u00e1bado 22 de julio, de 9 a 16 h<\/p>\n<p>La Mesa intercooperativa y la Intendencia de Canelones, en el marco de la conmemoraci\u00f3n del D\u00eda Internacional de las Cooperativas, invitan a un encuentro de cooperativas y econom\u00eda solidaria en Canelones.<br \/>\nSe trata de una jornada de reflexi\u00f3n y trabajo sobre el sector cooperativo y la econom\u00eda solidaria del departamento.<br \/>\nParticipan del encuentro las cooperativas, federaciones e instituciones que promocionan el cooperativismo. <\/p>\n<p>S\u00e1bado 22 de julio, de 9 a 16 hs.<br \/>\nPabell\u00f3n del Bicentenario de Las Piedras (circunvalaci\u00f3n del obelisco)<br \/>\nSe contar\u00e1 con desayuno y almuerzo<\/p>\n<p>Confirmar asistencia a proregio@cudecoop.coop<\/p>\n","protected":false},"excerpt":{"rendered":"<p>Encuentro de cooperativas y econom\u00eda solidaria en CANELONES<br \/>\nS\u00e1bado 22 de julio, de 9 a 16 h<\/p>\n","protected":false},"author":1,"featured_media":1755,"comment_status":"closed","ping_status":"Open","sticky":false,"template":"","format":"standard","meta":{"_acf_changed":false,"ngg_post_thumbnail":0,"footnotes":""},"categories":[7],"tags":[],"class_list":["post-1320","post","type-post","status-publish","format-standard","has-post-thumbnail","hentry","category-cooperativas"],"acf":[],"_links":{"self":[{"href":"http:\/\/www.cudecoop.coop\/cudecoop\/wp-json\/wp\/v2\/posts\/1320","targetHints":{"allow":["GET"]}}],"collection":[{"href":"http:\/\/www.cudecoop.coop\/cudecoop\/wp-json\/wp\/v2\/posts"}],"about":[{"href":"http:\/\/www.cudecoop.coop\/cudecoop\/wp-json\/wp\/v2\/types\/post"}],"author":[{"embeddable":true,"href":"http:\/\/www.cudecoop.coop\/cudecoop\/wp-json\/wp\/v2\/users\/1"}],"replies":[{"embeddable":true,"href":"http:\/\/www.cudecoop.coop\/cudecoop\/wp-json\/wp\/v2\/comments?post=1320"}],"version-history":[{"count":0,"href":"http:\/\/www.cudecoop.coop\/cudecoop\/wp-json\/wp\/v2\/posts\/1320\/revisions"}],"wp:featuredmedia":[{"embeddable":true,"href":"http:\/\/www.cudecoop.coop\/cudecoop\/wp-json\/wp\/v2\/media\/1755"}],"wp:attachment":[{"href":"http:\/\/www.cudecoop.coop\/cudecoop\/wp-json\/wp\/v2\/media?parent=1320"}],"wp:term":[{"taxonomy":"category","embeddable":true,"href":"http:\/\/www.cudecoop.coop\/cudecoop\/wp-json\/wp\/v2\/categories?post=1320"},{"taxonomy":"post_tag","embeddable":true,"href":"http:\/\/www.cudecoop.coop\/cudecoop\/wp-json\/wp\/v2\/tags?post=1320"}],"curies":[{"name":"wp","href":"https:\/\/api.w.org\/{rel}","templated":true}]}}