{"id":1315,"date":"2017-07-05T16:50:00","date_gmt":"2017-07-05T16:50:00","guid":{"rendered":"http:\/\/www.cudecoop.coop\/cudecoop\/?p=1315"},"modified":"2017-07-05T16:50:00","modified_gmt":"2017-07-05T16:50:00","slug":"dia-del-cooperativismo-en-montevideo","status":"publish","type":"post","link":"http:\/\/www.cudecoop.coop\/cudecoop\/dia-del-cooperativismo-en-montevideo\/","title":{"rendered":"D\u00eda del Cooperativismo en Montevideo"},"content":{"rendered":"<p>El viernes 30 de junio, se realiz\u00f3 la celebraci\u00f3n del D\u00eda del cooperativismo en Montevideo.<\/p>\n<p>Con una amplia participaci\u00f3n de m\u00e1s de 200 personas, se realiz\u00f3 una acto en conmemoraci\u00f3n al d\u00eda internacional del cooperativismo. El mismo estuvo atravesado por los 15 a\u00f1os de la Recomendaci\u00f3n 193.<\/p>\n<p>La presidenta de la Confederaci\u00f3n, Graciela Fern\u00e1ndez, realiz\u00f3 la apertura de la oratoria, continuada por presidente del INACOOP, Gustavo Bernini y secretario general de la intendencia de Montevideo, Fernando Nopitsch.<\/p>\n<p>Luego de la apertura donde Gustavo Bernini se\u00f1al\u00f3 el incremento de las cooperativas en el \u00fatlimo per\u00edodo y Fernando Nopitsch se\u00f1al\u00f3 la intenci\u00f3n de que Montevideo sea la capital cooperativa en el 2018, Danilo Guti\u00e9rrez, escribano y director ejecutivo del INACOOP, realiz\u00f3 un repaso de lo que fue su experiencia representando a Uruguay en el armado de la Recomendaci\u00f3n 193 de la Organizaci\u00f3n Internacional del Trabajo, 15 a\u00f1os atr\u00e1s.<\/p>\n<p>Finalizada la experiencia del escribano, pasaron las distintas modalidades cooperativas a realizar un discurso sobre la coyuntura de cada sector. <\/p>\n<p>Finalizada esta parte, se dio paso a las intervenciones de los ministerios de Industria, Energ\u00eda y Miner\u00eda y al de Trabajo y Seguridad Social, en voces de sus ministros, Ing. Carolina Cose y Sr. Ernesto Murro, quienes continuamente est\u00e1n apoyando al sector cooperativo y econom\u00eda social. <\/p>\n<p>Se cerr\u00f3 la celebraci\u00f3n con un brindis en un espacio ambientado por una muestra de fotos sobre la acci\u00f3n de la mujeres en las cooperativas, organizada y llevada a cabo por la red de comunicadores del movimiento cooperativo.<\/p>\n","protected":false},"excerpt":{"rendered":"<p>El viernes 30 de junio, se realiz\u00f3 la celebraci\u00f3n del D\u00eda del cooperativismo en Montevideo.<\/p>\n","protected":false},"author":1,"featured_media":1752,"comment_status":"closed","ping_status":"Open","sticky":false,"template":"","format":"standard","meta":{"_acf_changed":false,"ngg_post_thumbnail":0,"footnotes":""},"categories":[7],"tags":[],"class_list":["post-1315","post","type-post","status-publish","format-standard","has-post-thumbnail","hentry","category-cooperativas"],"acf":[],"_links":{"self":[{"href":"http:\/\/www.cudecoop.coop\/cudecoop\/wp-json\/wp\/v2\/posts\/1315","targetHints":{"allow":["GET"]}}],"collection":[{"href":"http:\/\/www.cudecoop.coop\/cudecoop\/wp-json\/wp\/v2\/posts"}],"about":[{"href":"http:\/\/www.cudecoop.coop\/cudecoop\/wp-json\/wp\/v2\/types\/post"}],"author":[{"embeddable":true,"href":"http:\/\/www.cudecoop.coop\/cudecoop\/wp-json\/wp\/v2\/users\/1"}],"replies":[{"embeddable":true,"href":"http:\/\/www.cudecoop.coop\/cudecoop\/wp-json\/wp\/v2\/comments?post=1315"}],"version-history":[{"count":0,"href":"http:\/\/www.cudecoop.coop\/cudecoop\/wp-json\/wp\/v2\/posts\/1315\/revisions"}],"wp:featuredmedia":[{"embeddable":true,"href":"http:\/\/www.cudecoop.coop\/cudecoop\/wp-json\/wp\/v2\/media\/1752"}],"wp:attachment":[{"href":"http:\/\/www.cudecoop.coop\/cudecoop\/wp-json\/wp\/v2\/media?parent=1315"}],"wp:term":[{"taxonomy":"category","embeddable":true,"href":"http:\/\/www.cudecoop.coop\/cudecoop\/wp-json\/wp\/v2\/categories?post=1315"},{"taxonomy":"post_tag","embeddable":true,"href":"http:\/\/www.cudecoop.coop\/cudecoop\/wp-json\/wp\/v2\/tags?post=1315"}],"curies":[{"name":"wp","href":"https:\/\/api.w.org\/{rel}","templated":true}]}}