{"id":1314,"date":"2017-06-23T15:07:00","date_gmt":"2017-06-23T15:07:00","guid":{"rendered":"http:\/\/www.cudecoop.coop\/cudecoop\/?p=1314"},"modified":"2017-06-15T15:07:00","modified_gmt":"2017-06-15T15:07:00","slug":"ii-seminario-sobre-derecho-cooperativo","status":"publish","type":"post","link":"http:\/\/www.cudecoop.coop\/cudecoop\/ii-seminario-sobre-derecho-cooperativo\/","title":{"rendered":"II Seminario sobre Derecho Cooperativo"},"content":{"rendered":"<p>Esta ma\u00f1ana se llev\u00f3 a cabo en la sala Maggiolo de la Facultad de Derecho, el Segundo Seminario sobre Derecho Cooperativo. El mismo fue realizado en el marco de los 15 a\u00f1os de la Recomendaci\u00f3n 193 de la OIT.<\/p>\n<p>Participaron del mismo los siguientes oradores y tem\u00e1ticas:<\/p>\n<p>Dr. Sergio Reyes, referente de amplia trayectoria en el movimiento cooperativo nacional, vinculado a las cooperativas de producci\u00f3n. Su ponencia realiz\u00f3 un an\u00e1lisis sobre la evoluci\u00f3n de la Recomendaci\u00f3n 193 de la OIT en Uruguay. Cu\u00e1l ha sido su aporte a nuestro pa\u00eds y porque las cooperativas son una herramienta eficiente para el desarrollo del pa\u00eds, fueron los t\u00f3picos que el referente legal atraves\u00f3.<\/p>\n<p>El desarrollo de las cooperativas en el marco de Recomendaci\u00f3n 193 de la OIT.<\/p>\n<p><a href=https:\/\/www.youtube.com\/watch?v=kqVT3OIkPZU&#038;t=445s>Mir\u00c3\u00a1 el registro aqu\u00c3\u00ad<\/a><\/p>\n<p>Danilo Gutierrez realiz\u00f3 una presentaci\u00f3n en la que busc\u00f3 responder qu\u00e9 orientaci\u00f3n se le quiso dar a la ley General de las cooperativas. Atraves\u00f3 los temas sobre qu\u00e9 actividades pueden ser objeto de las cooperativas y lo vincul\u00f3 a la Constituci\u00f3n de la Rep\u00fablica, senalando que paras las mismas no habr\u00eda l\u00edmite de actividades.<\/p>\n<p><a href=https:\/\/www.youtube.com\/watch?v=n141qVRWy6Q>Mir\u00c3\u00a1 el registro aqu\u00c3\u00ad<\/a><\/p>\n<p>La Dra. Elisa Mar\u00eda Torbes de la Auditoria Interna de la Naci\u00f3n, realiz\u00f3 una exposici\u00f3n sobre Reservas por &#8220;operaciones con no socios&#8221;: Regulaci\u00f3n legal y propuesta de [I>&#8221;lege ferenda&#8221;[\/I><\/p>\n<p><a href=https:\/\/www.youtube.com\/watch?v=wxfwFKvmr-8>Mir\u00c3\u00a1 la exposici\u00c3\u00b3n aqu\u00c3\u00ad<\/a><\/p>\n<p>Marcelo Amor\u00edm, docente de la facultad de Derecho, expuso sobre los problemas que presentan los tipos contracutales de las cooperativas, y como se remedia esto en funci\u00f3n de la legislaci\u00f3n. Mecanismos de control para que no se utilice la figura de la cooperativa il\u00edcitamente.<\/p>\n<p><a href=https:\/\/www.youtube.com\/watch?v=RpkGx9TTz3Y>Mir\u00c3\u00a1 el registro aqu\u00c3\u00ad<\/a><\/p>\n<p>Alfredo Lamenza, abogado y escribano, representa al sector de las cooperativas de ahorro y cr\u00e9dito, y su ponencia fue sobre las modificaciones a la ley 18.407 en la era digital.<\/p>\n<p><a href=https:\/\/www.youtube.com\/watch?v=IcMde67Uoqg>Ver aqu\u00c3\u00ad<\/a><\/p>\n<p>El Dr. Dante Cracogna, representante de la Alianza Cooperativa Internacional, realiz\u00f3 al cierre la conferencia magistral.<br \/>\n<a href=https:\/\/www.youtube.com\/watch?v=g1_so0iyZPs>Mirala aqu\u00c3\u00ad<\/a><\/p>\n<p>Gerardo Montes, abogado de la Confederaci\u00f3n, realiz\u00f3 una relator\u00eda de las ponencias realizadas hasta el momento.<\/p>\n","protected":false},"excerpt":{"rendered":"<p>Esta ma\u00f1ana se llev\u00f3 a cabo en la sala Maggiolo de la Facultad de Derecho, el Segundo Seminario sobre Derecho Cooperativo. El mismo fue realizado en el marco de los 15 a\u00f1os de la Recomendaci\u00f3n 193 de la OIT.<\/p>\n","protected":false},"author":1,"featured_media":0,"comment_status":"closed","ping_status":"Open","sticky":false,"template":"","format":"standard","meta":{"_acf_changed":false,"ngg_post_thumbnail":0,"footnotes":""},"categories":[7],"tags":[],"class_list":["post-1314","post","type-post","status-publish","format-standard","hentry","category-cooperativas"],"acf":[],"_links":{"self":[{"href":"http:\/\/www.cudecoop.coop\/cudecoop\/wp-json\/wp\/v2\/posts\/1314","targetHints":{"allow":["GET"]}}],"collection":[{"href":"http:\/\/www.cudecoop.coop\/cudecoop\/wp-json\/wp\/v2\/posts"}],"about":[{"href":"http:\/\/www.cudecoop.coop\/cudecoop\/wp-json\/wp\/v2\/types\/post"}],"author":[{"embeddable":true,"href":"http:\/\/www.cudecoop.coop\/cudecoop\/wp-json\/wp\/v2\/users\/1"}],"replies":[{"embeddable":true,"href":"http:\/\/www.cudecoop.coop\/cudecoop\/wp-json\/wp\/v2\/comments?post=1314"}],"version-history":[{"count":0,"href":"http:\/\/www.cudecoop.coop\/cudecoop\/wp-json\/wp\/v2\/posts\/1314\/revisions"}],"wp:attachment":[{"href":"http:\/\/www.cudecoop.coop\/cudecoop\/wp-json\/wp\/v2\/media?parent=1314"}],"wp:term":[{"taxonomy":"category","embeddable":true,"href":"http:\/\/www.cudecoop.coop\/cudecoop\/wp-json\/wp\/v2\/categories?post=1314"},{"taxonomy":"post_tag","embeddable":true,"href":"http:\/\/www.cudecoop.coop\/cudecoop\/wp-json\/wp\/v2\/tags?post=1314"}],"curies":[{"name":"wp","href":"https:\/\/api.w.org\/{rel}","templated":true}]}}