{"id":1312,"date":"2017-06-15T18:08:00","date_gmt":"2017-06-15T18:08:00","guid":{"rendered":"http:\/\/www.cudecoop.coop\/cudecoop\/?p=1312"},"modified":"2017-06-15T18:08:00","modified_gmt":"2017-06-15T18:08:00","slug":"celebracion-del-dia-internacional-de-las-cooperativas-2017","status":"publish","type":"post","link":"http:\/\/www.cudecoop.coop\/cudecoop\/celebracion-del-dia-internacional-de-las-cooperativas-2017\/","title":{"rendered":"Celebraci\u00f3n del D\u00eda Internacional de las Cooperativas 2017"},"content":{"rendered":"<p>Viernes 30 de junio, 9.30h<br \/>\nENLACE &#8211; Agraciada 2332 esq. San Mart\u00edn (Montevideo)<\/p>\n<p>&#8220;Las cooperativas garantizan que nadie quede atr\u00e1s&#8221;<\/p>\n<p>Con el mensaje de inclusi\u00f3n definido por la ACI y el Comit\u00e9 para la Promoci\u00f3n Cooperativa de Naciones Unidas, la Confederaci\u00f3n Uruguaya de Entidades Cooperativas (CUDECOOP) invita a todas sus afiliadas y cooperativas de base a celebrar un nuevo D\u00eda Internacional de las cooperativas en nuestro pa\u00eds.<\/p>\n<p>En esta instancia recordaremos los 15 a\u00f1os de la aprobaci\u00f3n de la Recomendaci\u00f3n 193\u00a0de la OIT sobre la promoci\u00f3n de las cooperativas y los principales referentes de las diferentes Clases Cooperativas del pa\u00eds presentar\u00e1n los principales aspectos\u00a0de la agenda y sus mayores desaf\u00edos.<\/p>\n<p>La actividad estar\u00e1 encabezada por la presidenta de la Confederaci\u00f3n, Dra. Graciela Fern\u00e1ndez y por el presidente de INACOOP, Sr. Gustavo Bernini.\u00a0<\/p>\n<p>Al cierre contaremos con la participaci\u00f3n del ministro de Trabajo y Seguridad Social, Sr. Ernesto Murro.<\/p>\n<p>La actividad contar\u00e1 adem\u00e1s con una muestra de fotos sobre el aporte de las mujeres en el cooperativismo nacional.<\/p>\n<p>Organiza: CUDECOOP<br \/>\nApoyan: INACOOP y ENLACE<\/p>\n","protected":false},"excerpt":{"rendered":"<p>Viernes 30 de junio, 9.30h<br \/>\nENLACE &#8211; Agraciada 2332 esq. San Mart\u00edn (Montevideo)<\/p>\n","protected":false},"author":1,"featured_media":1750,"comment_status":"closed","ping_status":"Open","sticky":false,"template":"","format":"standard","meta":{"_acf_changed":false,"ngg_post_thumbnail":0,"footnotes":""},"categories":[7],"tags":[],"class_list":["post-1312","post","type-post","status-publish","format-standard","has-post-thumbnail","hentry","category-cooperativas"],"acf":[],"_links":{"self":[{"href":"http:\/\/www.cudecoop.coop\/cudecoop\/wp-json\/wp\/v2\/posts\/1312","targetHints":{"allow":["GET"]}}],"collection":[{"href":"http:\/\/www.cudecoop.coop\/cudecoop\/wp-json\/wp\/v2\/posts"}],"about":[{"href":"http:\/\/www.cudecoop.coop\/cudecoop\/wp-json\/wp\/v2\/types\/post"}],"author":[{"embeddable":true,"href":"http:\/\/www.cudecoop.coop\/cudecoop\/wp-json\/wp\/v2\/users\/1"}],"replies":[{"embeddable":true,"href":"http:\/\/www.cudecoop.coop\/cudecoop\/wp-json\/wp\/v2\/comments?post=1312"}],"version-history":[{"count":0,"href":"http:\/\/www.cudecoop.coop\/cudecoop\/wp-json\/wp\/v2\/posts\/1312\/revisions"}],"wp:featuredmedia":[{"embeddable":true,"href":"http:\/\/www.cudecoop.coop\/cudecoop\/wp-json\/wp\/v2\/media\/1750"}],"wp:attachment":[{"href":"http:\/\/www.cudecoop.coop\/cudecoop\/wp-json\/wp\/v2\/media?parent=1312"}],"wp:term":[{"taxonomy":"category","embeddable":true,"href":"http:\/\/www.cudecoop.coop\/cudecoop\/wp-json\/wp\/v2\/categories?post=1312"},{"taxonomy":"post_tag","embeddable":true,"href":"http:\/\/www.cudecoop.coop\/cudecoop\/wp-json\/wp\/v2\/tags?post=1312"}],"curies":[{"name":"wp","href":"https:\/\/api.w.org\/{rel}","templated":true}]}}