{"id":1310,"date":"2017-06-14T18:35:00","date_gmt":"2017-06-14T18:35:00","guid":{"rendered":"http:\/\/www.cudecoop.coop\/cudecoop\/?p=1310"},"modified":"2017-06-14T18:35:00","modified_gmt":"2017-06-14T18:35:00","slug":"uruguay-representado-por-joven-cooperativista","status":"publish","type":"post","link":"http:\/\/www.cudecoop.coop\/cudecoop\/uruguay-representado-por-joven-cooperativista\/","title":{"rendered":"Uruguay representado por joven cooperativista"},"content":{"rendered":"<p>Pasant\u00eda Educativa en Costa Rica: Innovaci\u00f3n en proyectos productivos como motor de integraci\u00f3n a la juventud cooperativista<\/p>\n<p>Del 06 al 09 de Junio Costa Rica recibi\u00f3 a 25 j\u00f3venes representantes de Argentina, Honduras, M\u00e9xico, Per\u00fa, Puerto Rico, Rep\u00fablica Dominicana y Uruguay, quienes participaron en esta experiencia organizada con el apoyo de INFOCOOP.<\/p>\n<p>Como parte de sus acciones para mejorar los mecanismos de la integraci\u00f3n de la juventud en el sector cooperativo, el Comit\u00e9 Regional de Juventud con el apoyo del Instituto Nacional de Fomento Cooperativo (INFOCOOP) de Costa Rica, organiz\u00f3 y desarroll\u00f3 la Pasant\u00eda educativa 2017.<\/p>\n<p>El programa estuvo compuesto por visitas a organizaciones cooperativas pioneras en el pa\u00eds, con el fin de que los participantes conocieran la teor\u00eda y la pr\u00e1ctica de los procesos de integraci\u00f3n de j\u00f3venes que \u00e9stas realizan. Las cooperativas visitadas fueron:<\/p>\n<p>\u009d COOPEVICTORIA, primera cooperativa en Costa Rica, cuyo proyecto de j\u00f3venes genera espacios de capacitaci\u00f3n y acci\u00f3n, buscando promover una participaci\u00f3n activa en la toma de decisiones y el desarrollo de las actividades actuales y futuras de la Cooperativa. Para ello se promueve el aporte de ideas, la planificaci\u00f3n, la ejecuci\u00f3n y la gesti\u00f3n de proyectos; as\u00ed como el trabajo en red. En su trabajo con esta poblaci\u00f3n, CoopeVictoria establece categor\u00edas de j\u00f3venes l\u00edderes, guardianes y exploradores.<\/p>\n<p>\u009d URCOZON, comparti\u00f3 el trabajo que realizan a trav\u00e9s de la Comisi\u00f3n para el Desarrollo del Programa de Cooperativismo Escolar y Estudiantil de la Zona Norte. Esta Cooperativa brinda apoyo en los procesos de capacitaci\u00f3n y motivaci\u00f3n para docentes y estudiantes en el campo del cooperativismo. Adem\u00e1s poseen un Centro Educativo Cooperativo llamado San Carlos Borromeo.<\/p>\n<p>\u009d COOCIQUE. Esta cooperativa de ahorro y cr\u00e9dito tiene 30 a\u00f1os desarrollando el programa #1 de Centroam\u00e9rica en liderazgo, beneficios y formaci\u00f3n integral para ni\u00f1os y j\u00f3venes cooperativistas, dicho programa se llama Nueva Generaci\u00f3n (NG). Se presentaron experiencias de personas que actualmente llevan una vida profesional exitosa y que recuerdan con NG marc\u00f3 sus vidas.<\/p>\n<p>Durante el recorrido por estas cooperativas los participantes pudieron observar los hermosos paisajes del territorio costarricense, en los cuales prosperan muchos tipos de Cooperativas, como cooperativas de caf\u00e9, de leche, de autobuses, de taxistas, de servicios m\u00faltiples, entre otros.<\/p>\n<p>Como parte del intercambio de experiencias, se cont\u00f3 con la exposici\u00f3n del trabajo que realiza el Centro Nacional de Educaci\u00f3n Cooperativa (CENECOOP) a nivel nacional e internacional, que incluye campamentos se han vuelto su actividad de atracci\u00f3n y enganche de la juventud para que posteriormente se incorporen a los cursos de formaci\u00f3n que ofrecen. Muchos de los participantes llegan a cumplir el ciclo completo de la escuela de L\u00edderes convirti\u00e9ndose en Directores con el aval de la Universidad Cooperativa FUNDEPOS.<\/p>\n<p>As\u00ed mismo el INFOCOOP mostr\u00f3 algunos datos de la composici\u00f3n del movimiento cooperativo nacional y algunos casos interesantes. Adem\u00e1s abord\u00f3 las problem\u00e1ticas generales que enfrenta la sociedad y c\u00f3mo se puede generar la COOParticipaci\u00f3n en la b\u00fasqueda de soluciones, c\u00f3mo la juventud ve su aporte y c\u00f3mo se ve en el futuro, recordando que &#8220;si quieres llegar lejos entonces debes ir acompa\u00f1ado&#8221;.<\/p>\n<p>El Centro de Formaci\u00f3n la Catalina fue la sede principal de esta pasant\u00eda.<\/p>\n<p>Fuente: http:\/\/www.aciamericas.coop\/Pasantia-Educativa-Innovacion-en-proyectos-productivos-como-motor-de-7195<\/p>\n","protected":false},"excerpt":{"rendered":"<p>Pasant\u00eda Educativa en Costa Rica: Innovaci\u00f3n en proyectos productivos como motor de integraci\u00f3n a la juventud cooperativista<\/p>\n","protected":false},"author":1,"featured_media":1805,"comment_status":"closed","ping_status":"Open","sticky":false,"template":"","format":"standard","meta":{"_acf_changed":false,"ngg_post_thumbnail":0,"footnotes":""},"categories":[7],"tags":[],"class_list":["post-1310","post","type-post","status-publish","format-standard","has-post-thumbnail","hentry","category-cooperativas"],"acf":[],"_links":{"self":[{"href":"http:\/\/www.cudecoop.coop\/cudecoop\/wp-json\/wp\/v2\/posts\/1310","targetHints":{"allow":["GET"]}}],"collection":[{"href":"http:\/\/www.cudecoop.coop\/cudecoop\/wp-json\/wp\/v2\/posts"}],"about":[{"href":"http:\/\/www.cudecoop.coop\/cudecoop\/wp-json\/wp\/v2\/types\/post"}],"author":[{"embeddable":true,"href":"http:\/\/www.cudecoop.coop\/cudecoop\/wp-json\/wp\/v2\/users\/1"}],"replies":[{"embeddable":true,"href":"http:\/\/www.cudecoop.coop\/cudecoop\/wp-json\/wp\/v2\/comments?post=1310"}],"version-history":[{"count":0,"href":"http:\/\/www.cudecoop.coop\/cudecoop\/wp-json\/wp\/v2\/posts\/1310\/revisions"}],"wp:featuredmedia":[{"embeddable":true,"href":"http:\/\/www.cudecoop.coop\/cudecoop\/wp-json\/wp\/v2\/media\/1805"}],"wp:attachment":[{"href":"http:\/\/www.cudecoop.coop\/cudecoop\/wp-json\/wp\/v2\/media?parent=1310"}],"wp:term":[{"taxonomy":"category","embeddable":true,"href":"http:\/\/www.cudecoop.coop\/cudecoop\/wp-json\/wp\/v2\/categories?post=1310"},{"taxonomy":"post_tag","embeddable":true,"href":"http:\/\/www.cudecoop.coop\/cudecoop\/wp-json\/wp\/v2\/tags?post=1310"}],"curies":[{"name":"wp","href":"https:\/\/api.w.org\/{rel}","templated":true}]}}