{"id":1309,"date":"2017-06-07T13:20:00","date_gmt":"2017-06-07T13:20:00","guid":{"rendered":"http:\/\/www.cudecoop.coop\/cudecoop\/?p=1309"},"modified":"2017-06-07T13:20:00","modified_gmt":"2017-06-07T13:20:00","slug":"nuevo-espacio-de-cowork-para-la-economia-social","status":"publish","type":"post","link":"http:\/\/www.cudecoop.coop\/cudecoop\/nuevo-espacio-de-cowork-para-la-economia-social\/","title":{"rendered":"Nuevo espacio de cowork para la econom\u00eda social"},"content":{"rendered":"<p>Se inaugur\u00f3 ENLACE a pocos metros del Palacio Legislativo, Av. Agraciada y Av. Gral. San Mart\u00edn.<\/p>\n<p>Con un clima festivo, se realiz\u00f3 la inauguraci\u00f3n del espacio que albergar\u00e1 diversos emprendimientos de la econom\u00eda social, del cual tambi\u00e9n se espera surjan inicitativas de intercooperaci\u00f3n.<\/p>\n<p>Estuvieron presentes en el lanzamiento diversas autoridades, entre ellas la presidenta de la Confederaci\u00f3n, Graciela Fern\u00e1ndez, el director de la Unidad de Econom\u00eda Social y Solidaria de la Intendencia de Montevideo, Daniel Arbulo, el director del Instituto Nacional del Cooperativismo, Carlos Reyes, el intendente departamental, Daniel Mart\u00ednez, entre otros presentes. <\/p>\n<p>El director de la Unidad, Daniel Arbulo present\u00f3 la innovadora iniciativa de cowork p\u00fablico orientado a emprendimientos de la econom\u00eda social, el cual apunta a ser un \u00e1mbito de co-gesti\u00f3n entre la cooperativa CUTEANTEL (quienes brindaron el espacio), el gobierno departamental y las organizaciones involucradas. <\/p>\n<p>La presidenta de la Confederaci\u00f3n reconoci\u00f3 el esfuerzo que viene desarrollando la Intendencia en la promoci\u00f3n de la econom\u00eda social y particularmente el rol de su director, persona referente que viene del movimiento y logra trabajar para el mismo en la pol\u00edtica p\u00fablica.<br \/>\nSe\u00f1al\u00f3 tambi\u00e9n el compromiso que la Confederaci\u00f3n tiene con esta iniciativa, para la cual brinda todo su apoyo posible. <\/p>\n<p>El espacio ya cuenta con 15 emprendimientos que comienzan a trabajar pronto en las instalaciones:<\/p>\n<p><b>La f\u00e1brica: <\/b>se trata de un club colaborativo, creado para facilitar herramientas en las \u00e1reas de carpinter\u00eda, metalurgia, reciclaje, electr\u00f3nica y rob\u00f3tica.<\/p>\n<p><b>Lumbre:<\/b> cooperativa de profesionales del \u00e1rea educativa, trabajo social y sicolog\u00eda. Trabajar\u00e1 en temas de inclusi\u00f3n social, derechos, ciudadan\u00eda y expresi\u00f3n art\u00edstica. Se enfatiza en proyectos ambientales, culturales y art\u00edsticos.<\/p>\n<p><b>Grupo Omb\u00fa: <\/b>cooperativa especializada en asesoramiento en marketing y canales de distribuci\u00f3n. Han instalado la Red Omb\u00fa, con un local en la calle P\u00e9rez Castellanos que interact\u00faa con el sal\u00f3n de CTC Olmos.<\/p>\n<p><b>Ira\u00ed: <\/b>grupo de nueve mujeres que trabajan en la asistencia personal domiciliaria de adultos mayores.<\/p>\n<p><b>Data Uruguay:<\/b> ONG dedicada a temas de transparencia. Tiene tres ejes de acci\u00f3n: brindar herramientas para la participaci\u00f3n, generar y coordinar comunidades en torno a temas de inter\u00e9s com\u00fan, y desarrollar un activismo en procura de la definici\u00f3n y aplicaci\u00f3n de pol\u00edticas p\u00fablicas vinculadas estas tem\u00e1ticas.<\/p>\n<p><b>Encauza: <\/b>cooperativa formada por profesionales, hoy cinco mujeres, que prestan servicio social, legal y contable a cooperativas sociales y de trabajo, y otras organizaciones sociales.<\/p>\n<p><b>Co-HabitaR: <\/b>Instituto de Asistencia T\u00e9cnica que act\u00faa principalmente en Canelones. Se interesa en general en los temas de vivienda social. Ha elaborado el Proyecto Cohounsin.uy: espacio para la vida comunitaria de los adultos mayores.<\/p>\n<p><b>Compromiso Social Cooperativo:<\/b> organizaci\u00f3n que funciona en m\u00faltiples ramas.<\/p>\n<p><b>Libre.coop: <\/b>se especializa en trabajar proyectos de software libre. Son nueve socios y est\u00e1n trabajando en Ciudad de la Costa, Las Piedras, Aigu\u00e1, Maldonado y Paysand\u00fa.<\/p>\n<p><b>CIC:<\/b> la Cooperativa Integral Consultor\u00eda est\u00e1 constituida por cinco profesionales j\u00f3venes de distintas especialidades. Se definen como promotores de una cultura de la cooperaci\u00f3n y el acompa\u00f1amiento de procesos de cambio.<\/p>\n<p>Tambi\u00e9n estar\u00e1n en Enlace el programa Locura sin manicomios, de la Facultad de Psicolog\u00eda, Riqu\u00edsima artesanal, una organizaci\u00f3n de familiares de personas que tienen autismo y un programa art\u00edstico cultural.<\/p>\n","protected":false},"excerpt":{"rendered":"<p>Se inaugur\u00f3 ENLACE a pocos metros del Palacio Legislativo, Av. Agraciada y Av. Gral. San Mart\u00edn.<\/p>\n","protected":false},"author":1,"featured_media":1804,"comment_status":"closed","ping_status":"Open","sticky":false,"template":"","format":"standard","meta":{"_acf_changed":false,"ngg_post_thumbnail":0,"footnotes":""},"categories":[7],"tags":[],"class_list":["post-1309","post","type-post","status-publish","format-standard","has-post-thumbnail","hentry","category-cooperativas"],"acf":[],"_links":{"self":[{"href":"http:\/\/www.cudecoop.coop\/cudecoop\/wp-json\/wp\/v2\/posts\/1309","targetHints":{"allow":["GET"]}}],"collection":[{"href":"http:\/\/www.cudecoop.coop\/cudecoop\/wp-json\/wp\/v2\/posts"}],"about":[{"href":"http:\/\/www.cudecoop.coop\/cudecoop\/wp-json\/wp\/v2\/types\/post"}],"author":[{"embeddable":true,"href":"http:\/\/www.cudecoop.coop\/cudecoop\/wp-json\/wp\/v2\/users\/1"}],"replies":[{"embeddable":true,"href":"http:\/\/www.cudecoop.coop\/cudecoop\/wp-json\/wp\/v2\/comments?post=1309"}],"version-history":[{"count":0,"href":"http:\/\/www.cudecoop.coop\/cudecoop\/wp-json\/wp\/v2\/posts\/1309\/revisions"}],"wp:featuredmedia":[{"embeddable":true,"href":"http:\/\/www.cudecoop.coop\/cudecoop\/wp-json\/wp\/v2\/media\/1804"}],"wp:attachment":[{"href":"http:\/\/www.cudecoop.coop\/cudecoop\/wp-json\/wp\/v2\/media?parent=1309"}],"wp:term":[{"taxonomy":"category","embeddable":true,"href":"http:\/\/www.cudecoop.coop\/cudecoop\/wp-json\/wp\/v2\/categories?post=1309"},{"taxonomy":"post_tag","embeddable":true,"href":"http:\/\/www.cudecoop.coop\/cudecoop\/wp-json\/wp\/v2\/tags?post=1309"}],"curies":[{"name":"wp","href":"https:\/\/api.w.org\/{rel}","templated":true}]}}