{"id":1308,"date":"2017-06-07T12:41:00","date_gmt":"2017-06-07T12:41:00","guid":{"rendered":"http:\/\/www.cudecoop.coop\/cudecoop\/?p=1308"},"modified":"2017-06-07T12:41:00","modified_gmt":"2017-06-07T12:41:00","slug":"presentacion-del-procoop-en-tacuarembo-y-florida","status":"publish","type":"post","link":"http:\/\/www.cudecoop.coop\/cudecoop\/presentacion-del-procoop-en-tacuarembo-y-florida\/","title":{"rendered":"Presentaci\u00f3n del Procoop en Tacuaremb\u00f3 y Florida"},"content":{"rendered":"<p>Jueves 8 de Junio en Tacuaremb\u00f3 y Viernes 9, en Florida<\/p>\n<p>Esperando profundizar en los detalles que el Programa de Formaci\u00f3n Cooperativa tiene para las cooperativas en Formaci\u00f3n, capacitaci\u00f3n y asistencia t\u00e9cnica, nos encontraremos el jueves en Tacuaremb\u00f3 en la Mesa Intercooperativa que se reunir\u00e1 en la Sala de sesiones de la Intendencia departamental frente a la plaza 19 de Abril, 18 de Julio 164, a las 19 hs.<\/p>\n<p>El viernes 9 de junio visitaremos Florida, tambi\u00e9n nos recibe la Mesa intercooperativa del departamento en instalaciones de Caycpa \u009d Herrera 3419, a las 18 hs.<\/p>\n<p>Esperamos contar con la m\u00e1s amplia participaci\u00f3n de cooperativistas de la zona.<\/p>\n","protected":false},"excerpt":{"rendered":"<p>Jueves 8 de Junio en Tacuaremb\u00f3 y Viernes 9, en Florida<\/p>\n","protected":false},"author":1,"featured_media":1749,"comment_status":"closed","ping_status":"Open","sticky":false,"template":"","format":"standard","meta":{"_acf_changed":false,"ngg_post_thumbnail":0,"footnotes":""},"categories":[7],"tags":[],"class_list":["post-1308","post","type-post","status-publish","format-standard","has-post-thumbnail","hentry","category-cooperativas"],"acf":[],"_links":{"self":[{"href":"http:\/\/www.cudecoop.coop\/cudecoop\/wp-json\/wp\/v2\/posts\/1308","targetHints":{"allow":["GET"]}}],"collection":[{"href":"http:\/\/www.cudecoop.coop\/cudecoop\/wp-json\/wp\/v2\/posts"}],"about":[{"href":"http:\/\/www.cudecoop.coop\/cudecoop\/wp-json\/wp\/v2\/types\/post"}],"author":[{"embeddable":true,"href":"http:\/\/www.cudecoop.coop\/cudecoop\/wp-json\/wp\/v2\/users\/1"}],"replies":[{"embeddable":true,"href":"http:\/\/www.cudecoop.coop\/cudecoop\/wp-json\/wp\/v2\/comments?post=1308"}],"version-history":[{"count":0,"href":"http:\/\/www.cudecoop.coop\/cudecoop\/wp-json\/wp\/v2\/posts\/1308\/revisions"}],"wp:featuredmedia":[{"embeddable":true,"href":"http:\/\/www.cudecoop.coop\/cudecoop\/wp-json\/wp\/v2\/media\/1749"}],"wp:attachment":[{"href":"http:\/\/www.cudecoop.coop\/cudecoop\/wp-json\/wp\/v2\/media?parent=1308"}],"wp:term":[{"taxonomy":"category","embeddable":true,"href":"http:\/\/www.cudecoop.coop\/cudecoop\/wp-json\/wp\/v2\/categories?post=1308"},{"taxonomy":"post_tag","embeddable":true,"href":"http:\/\/www.cudecoop.coop\/cudecoop\/wp-json\/wp\/v2\/tags?post=1308"}],"curies":[{"name":"wp","href":"https:\/\/api.w.org\/{rel}","templated":true}]}}