{"id":1307,"date":"2017-06-05T13:07:00","date_gmt":"2017-06-05T13:07:00","guid":{"rendered":"http:\/\/www.cudecoop.coop\/cudecoop\/?p=1307"},"modified":"2017-06-05T13:07:00","modified_gmt":"2017-06-05T13:07:00","slug":"enlace-un-espacio-para-la-intercooperacion","status":"publish","type":"post","link":"http:\/\/www.cudecoop.coop\/cudecoop\/enlace-un-espacio-para-la-intercooperacion\/","title":{"rendered":"Enlace: un espacio para la intercooperaci\u00f3n"},"content":{"rendered":"<p>El pr\u00f3ximo lunes 5 de junio, a las 17.30, se inaugurar\u00e1 el proyecto Enlace, un espacio destinado al funcionamiento de cooperativas, peque\u00f1as empresas y organizaciones de la econom\u00eda social.<\/p>\n<p>El centro, ubicado en Agraciada 2332, es parte del local de la Cooperativa de consumo Cuteantel, que en acuerdo con la Unidad de Econom\u00eda Social y Solidaria de la Intendencia de Montevideo pone a disposici\u00f3n el espacio para promover la sinergia entre organizaciones de la econom\u00eda social. <\/p>\n<p>La recuperaci\u00f3n del local se logr\u00f3 con colaboraci\u00f3n de la Intendencia de Montevideo pero tambi\u00e9n con inversi\u00f3n y el trabajo voluntario de funcionarios, socios y dirigentes de Cuteantel, destac\u00f3 Julio Valdez, presidente de Cuteantel. Valdez cont\u00f3 que la cooperativa tuvo ofertas de alquiler del local, pero \u009dse opt\u00f3 por darle la derecha al espacio de la econom\u00eda social\u009d. \u009dEntendemos que es un acto intercooperativo, porque deb\u00eda haber un espacio donde se unieran las organizaciones del sector cooperativo\u009d, a\u00f1adi\u00f3.<\/p>\n<p>El acto de inauguraci\u00f3n ser\u00e1 adem\u00e1s la oportunidad propicia para celebrar los 97 a\u00f1os de la cooperativa Cuteantel.<\/p>\n<p>Enlace permitir\u00e1 tener un espacio de incubaci\u00f3n de grupos cooperativos, y para fomentar la formaci\u00f3n profesional con realizaci\u00f3n de exposiciones, charlas, eventos y espacios de difusi\u00f3n.<\/p>\n<p>Tras una primera convocatoria, quince emprendimientos comenzar\u00e1n a funcionar en Enlace. Estos son:<\/p>\n<p>La f\u00e1brica: se trata de un club colaborativo, creado para facilitar herramientas en las \u00e1reas de carpinter\u00eda, metalurgia, reciclaje, electr\u00f3nica y rob\u00f3tica.<\/p>\n<p>Lumbre: cooperativa de profesionales del \u00e1rea educativa, trabajo social y sicolog\u00eda. Trabajar\u00e1 en temas de inclusi\u00f3n social, derechos, ciudadan\u00eda y expresi\u00f3n art\u00edstica. Se enfatiza en proyectos ambientales, culturales y art\u00edsticos.<\/p>\n<p>Grupo Omb\u00fa: cooperativa especializada en asesoramiento en marketing y canales de distribuci\u00f3n. Han instalado la Red Omb\u00fa, con un local en la calle P\u00e9rez Castellanos que interact\u00faa con el sal\u00f3n de CTC Olmos.<\/p>\n<p>Ira\u00ed: grupo de nueve mujeres que trabajan en la asistencia personal domiciliaria de adultos mayores.<\/p>\n<p>Data Uruguay: ONG dedicada a temas de transparencia. Tiene tres ejes de acci\u00f3n: brindar herramientas para la participaci\u00f3n, generar y coordinar comunidades en torno a temas de inter\u00e9s com\u00fan, y desarrollar un activismo en procura de la definici\u00f3n y aplicaci\u00f3n de pol\u00edticas p\u00fablicas vinculadas estas tem\u00e1ticas.<\/p>\n<p>Encauza: cooperativa formada por profesionales, hoy cinco mujeres, que prestan servicio social, legal y contable a cooperativas sociales y de trabajo, y otras organizaciones sociales.<\/p>\n<p>Co-HabitaR: Instituto de Asistencia T\u00e9cnica que act\u00faa principalmente en Canelones. Se interesa en general en los temas de vivienda social. Ha elaborado el Proyecto Cohounsin.uy: espacio para la vida comunitaria de los adultos mayores.<\/p>\n<p>Compromiso Social Cooperativo: organizaci\u00f3n que funciona en m\u00faltiples ramas.<\/p>\n<p>Libre.coop: se especializa en trabajar proyectos de software libre. Son nueve socios y est\u00e1n trabajando en Ciudad de la Costa, Las Piedras, Aigu\u00e1, Maldonado y Paysand\u00fa.<\/p>\n<p>CIC: la Cooperativa Integral Consultor\u00eda est\u00e1 constituida por cinco profesionales j\u00f3venes de distintas especialidades. Se definen como promotores de una cultura de la cooperaci\u00f3n y el acompa\u00f1amiento de procesos de cambio.<\/p>\n<p>Tambi\u00e9n estar\u00e1n en Enlace el programa Locura sin manicomios, de la Facultad de Psicolog\u00eda, Riqu\u00edsima artesanal, una organizaci\u00f3n de familiares de personas que tienen autismo y un programa art\u00edstico cultural. <\/p>\n<p>Informaci\u00f3n emitida por la Federaci\u00f3n Uruguaya de Cooperativas de Consumo &#8211; FUCC &#8211;<\/p>\n<blockquote class=\"wp-embedded-content\" data-secret=\"J7Rm8a6smR\"><p><a href=\"https:\/\/fucc.coop\/enlace-un-espacio-para-la-intercooperacion\/\">Enlace: un espacio para la intercooperaci\u00f3n<\/a><\/p><\/blockquote>\n<p><iframe loading=\"lazy\" class=\"wp-embedded-content\" sandbox=\"allow-scripts\" security=\"restricted\" style=\"position: absolute; clip: rect(1px, 1px, 1px, 1px);\" title=\"\u00abEnlace: un espacio para la intercooperaci\u00f3n\u00bb \u2014 FUCC\" src=\"https:\/\/fucc.coop\/enlace-un-espacio-para-la-intercooperacion\/embed\/#?secret=s413tY0jhS#?secret=J7Rm8a6smR\" data-secret=\"J7Rm8a6smR\" width=\"525\" height=\"296\" frameborder=\"0\" marginwidth=\"0\" marginheight=\"0\" scrolling=\"no\"><\/iframe><\/p>\n","protected":false},"excerpt":{"rendered":"<p>El pr\u00f3ximo lunes 5 de junio, a las 17.30, se inaugurar\u00e1 el proyecto Enlace, un espacio destinado al funcionamiento de cooperativas, peque\u00f1as empresas y organizaciones de la econom\u00eda social.<\/p>\n","protected":false},"author":1,"featured_media":1803,"comment_status":"closed","ping_status":"Open","sticky":false,"template":"","format":"standard","meta":{"_acf_changed":false,"ngg_post_thumbnail":0,"footnotes":""},"categories":[7],"tags":[],"class_list":["post-1307","post","type-post","status-publish","format-standard","has-post-thumbnail","hentry","category-cooperativas"],"acf":[],"_links":{"self":[{"href":"http:\/\/www.cudecoop.coop\/cudecoop\/wp-json\/wp\/v2\/posts\/1307","targetHints":{"allow":["GET"]}}],"collection":[{"href":"http:\/\/www.cudecoop.coop\/cudecoop\/wp-json\/wp\/v2\/posts"}],"about":[{"href":"http:\/\/www.cudecoop.coop\/cudecoop\/wp-json\/wp\/v2\/types\/post"}],"author":[{"embeddable":true,"href":"http:\/\/www.cudecoop.coop\/cudecoop\/wp-json\/wp\/v2\/users\/1"}],"replies":[{"embeddable":true,"href":"http:\/\/www.cudecoop.coop\/cudecoop\/wp-json\/wp\/v2\/comments?post=1307"}],"version-history":[{"count":0,"href":"http:\/\/www.cudecoop.coop\/cudecoop\/wp-json\/wp\/v2\/posts\/1307\/revisions"}],"wp:featuredmedia":[{"embeddable":true,"href":"http:\/\/www.cudecoop.coop\/cudecoop\/wp-json\/wp\/v2\/media\/1803"}],"wp:attachment":[{"href":"http:\/\/www.cudecoop.coop\/cudecoop\/wp-json\/wp\/v2\/media?parent=1307"}],"wp:term":[{"taxonomy":"category","embeddable":true,"href":"http:\/\/www.cudecoop.coop\/cudecoop\/wp-json\/wp\/v2\/categories?post=1307"},{"taxonomy":"post_tag","embeddable":true,"href":"http:\/\/www.cudecoop.coop\/cudecoop\/wp-json\/wp\/v2\/tags?post=1307"}],"curies":[{"name":"wp","href":"https:\/\/api.w.org\/{rel}","templated":true}]}}