{"id":1306,"date":"2017-05-31T18:27:00","date_gmt":"2017-05-31T18:27:00","guid":{"rendered":"http:\/\/www.cudecoop.coop\/cudecoop\/?p=1306"},"modified":"2017-05-31T18:27:00","modified_gmt":"2017-05-31T18:27:00","slug":"asamblea","status":"publish","type":"post","link":"http:\/\/www.cudecoop.coop\/cudecoop\/asamblea\/","title":{"rendered":"Asamblea"},"content":{"rendered":"<p>El martes 30 de mayo, se celebr\u00f3 la Asamblea General Ordinaria de la Confederaci\u00f3n.<\/p>\n<p>Se realiz\u00f3 en este marco el an\u00e1lisis del a\u00f1o 2016, mediante la presentaci\u00f3n del balance econ\u00f3mico de la Memoria anual. Se destaca positivamente como aspecto que atraves\u00f3 todo el a\u00f1o 2016, la celebraci\u00f3n de la IV Cumbre Cooperativa de las Am\u00e9ricas co-organizada por la Confederaci\u00f3n.<br \/>\nEste es un aspecto importante que permiti\u00f3 crecer en reflexi\u00f3n y conocimiento, y tambi\u00e9n en que la realizaci\u00f3n del evento dej\u00f3 un excedente econ\u00f3mico que permiti\u00f3 la creaci\u00f3n de un fondo de reserva.<br \/>\nLa construcci\u00f3n de esta reserva legal  se destaca el fondo para la educaci\u00f3n y un fondo especial patrimonial con destino a la adquisici\u00f3n de una sede social.<br \/>\nEn cuanto a esto, algunas de las instituciones socias votaron por destinar los excedentes que les correspond\u00eda por el cierre del ejercicio anterior, mientras otras de las instituciones lo debatir\u00e1n en sus organizaciones para luego decidir si hacer lo mismo. <\/p>\n<p>En otro orden, antes de proceder a la votaci\u00f3n que designa a los nuevos directores que representan al movimiento cooperativo en el Instituto Nacional del Cooperativismo, INACOOP, la presidenta de la Confederaci\u00f3n agradeci\u00f3 la gesti\u00f3n de los titulares y alternos que trabajaron hasta el per\u00edodo actual.<br \/>\nPosteriormente a trav\u00e9s de la votaci\u00f3n se confeccion\u00f3 la lista que propone a los nuevos delegados al directorio del INACOOP, que ya fue presentada al ministro de Trabajo, la lista es la siguiente:<br \/>\n1\u00b0 Juan Gervasio<br \/>\n2\u00b0 Pablo Perdomo<br \/>\n3\u00b0 Enrique Ibarra \/ Enrique Romero  \/Washington Collazo<br \/>\nCompletando la lista de 6, Jos\u00e9 Francisco Vilela<\/p>\n","protected":false},"excerpt":{"rendered":"<p>El martes 30 de mayo, se celebr\u00f3 la Asamblea General Ordinaria de la Confederaci\u00f3n.<\/p>\n","protected":false},"author":1,"featured_media":0,"comment_status":"closed","ping_status":"Open","sticky":false,"template":"","format":"standard","meta":{"_acf_changed":false,"ngg_post_thumbnail":0,"footnotes":""},"categories":[7],"tags":[],"class_list":["post-1306","post","type-post","status-publish","format-standard","hentry","category-cooperativas"],"acf":[],"_links":{"self":[{"href":"http:\/\/www.cudecoop.coop\/cudecoop\/wp-json\/wp\/v2\/posts\/1306","targetHints":{"allow":["GET"]}}],"collection":[{"href":"http:\/\/www.cudecoop.coop\/cudecoop\/wp-json\/wp\/v2\/posts"}],"about":[{"href":"http:\/\/www.cudecoop.coop\/cudecoop\/wp-json\/wp\/v2\/types\/post"}],"author":[{"embeddable":true,"href":"http:\/\/www.cudecoop.coop\/cudecoop\/wp-json\/wp\/v2\/users\/1"}],"replies":[{"embeddable":true,"href":"http:\/\/www.cudecoop.coop\/cudecoop\/wp-json\/wp\/v2\/comments?post=1306"}],"version-history":[{"count":0,"href":"http:\/\/www.cudecoop.coop\/cudecoop\/wp-json\/wp\/v2\/posts\/1306\/revisions"}],"wp:attachment":[{"href":"http:\/\/www.cudecoop.coop\/cudecoop\/wp-json\/wp\/v2\/media?parent=1306"}],"wp:term":[{"taxonomy":"category","embeddable":true,"href":"http:\/\/www.cudecoop.coop\/cudecoop\/wp-json\/wp\/v2\/categories?post=1306"},{"taxonomy":"post_tag","embeddable":true,"href":"http:\/\/www.cudecoop.coop\/cudecoop\/wp-json\/wp\/v2\/tags?post=1306"}],"curies":[{"name":"wp","href":"https:\/\/api.w.org\/{rel}","templated":true}]}}