{"id":1305,"date":"2017-05-29T10:49:00","date_gmt":"2017-05-29T10:49:00","guid":{"rendered":"http:\/\/www.cudecoop.coop\/cudecoop\/?p=1305"},"modified":"2017-05-29T10:49:00","modified_gmt":"2017-05-29T10:49:00","slug":"uruguay-impulsa-nueva-red-de-cooperativas-de-vivienda-de-aci-americas","status":"publish","type":"post","link":"http:\/\/www.cudecoop.coop\/cudecoop\/uruguay-impulsa-nueva-red-de-cooperativas-de-vivienda-de-aci-americas\/","title":{"rendered":"Uruguay impulsa nueva Red de Cooperativas de Vivienda de ACI Am\u00e9ricas"},"content":{"rendered":"<p>Resoluci\u00f3n aprobada en el Consejo de Administraci\u00f3n de Cooperativas de las Am\u00e9ricas en la reuni\u00f3n del 18 y 19 de mayo en Cali, Colombia.<\/p>\n<p>A partir del Seminario sobre Vivienda celebrado en Montevideo como parte de la IV Cumbre Cooperativa de las Am\u00e9ricas, en noviembre de 2016, se resolvi\u00f3 por parte de las entidades participantes la conformaci\u00f3n de una Red de Vivienda a nivel de las Am\u00e9ricas.<\/p>\n<p>Esto se logra gracias a la oportunidad que brind\u00f3 la instancia de encuentro continental de la Cumbre y la trayectoria del movimiento cooperativo nacional. Los encargados de darle forma y concretar la red fueron las organizaciones uruguayas que oficiaron de anfitrionas: Fucvam, Fecovi y CCU.<\/p>\n<p>En el Consejo de Administraci\u00f3n de Cooperativas de las Am\u00e9ricas, por unanimidad se aprob\u00f3 la idea de conformar la Red de Cooperativas de Vivienda de las Am\u00e9ricas. Adem\u00e1s, Puerto Rico y Guatemala manifestaron inter\u00e9s de participar en la Red.<\/p>\n","protected":false},"excerpt":{"rendered":"<p>Resoluci\u00f3n aprobada en el Consejo de Administraci\u00f3n de Cooperativas de las Am\u00e9ricas en la reuni\u00f3n del 18 y 19 de mayo en Cali, Colombia.<\/p>\n","protected":false},"author":1,"featured_media":1748,"comment_status":"closed","ping_status":"Open","sticky":false,"template":"","format":"standard","meta":{"_acf_changed":false,"ngg_post_thumbnail":0,"footnotes":""},"categories":[7],"tags":[],"class_list":["post-1305","post","type-post","status-publish","format-standard","has-post-thumbnail","hentry","category-cooperativas"],"acf":[],"_links":{"self":[{"href":"http:\/\/www.cudecoop.coop\/cudecoop\/wp-json\/wp\/v2\/posts\/1305","targetHints":{"allow":["GET"]}}],"collection":[{"href":"http:\/\/www.cudecoop.coop\/cudecoop\/wp-json\/wp\/v2\/posts"}],"about":[{"href":"http:\/\/www.cudecoop.coop\/cudecoop\/wp-json\/wp\/v2\/types\/post"}],"author":[{"embeddable":true,"href":"http:\/\/www.cudecoop.coop\/cudecoop\/wp-json\/wp\/v2\/users\/1"}],"replies":[{"embeddable":true,"href":"http:\/\/www.cudecoop.coop\/cudecoop\/wp-json\/wp\/v2\/comments?post=1305"}],"version-history":[{"count":0,"href":"http:\/\/www.cudecoop.coop\/cudecoop\/wp-json\/wp\/v2\/posts\/1305\/revisions"}],"wp:featuredmedia":[{"embeddable":true,"href":"http:\/\/www.cudecoop.coop\/cudecoop\/wp-json\/wp\/v2\/media\/1748"}],"wp:attachment":[{"href":"http:\/\/www.cudecoop.coop\/cudecoop\/wp-json\/wp\/v2\/media?parent=1305"}],"wp:term":[{"taxonomy":"category","embeddable":true,"href":"http:\/\/www.cudecoop.coop\/cudecoop\/wp-json\/wp\/v2\/categories?post=1305"},{"taxonomy":"post_tag","embeddable":true,"href":"http:\/\/www.cudecoop.coop\/cudecoop\/wp-json\/wp\/v2\/tags?post=1305"}],"curies":[{"name":"wp","href":"https:\/\/api.w.org\/{rel}","templated":true}]}}