{"id":1303,"date":"2017-05-24T13:42:00","date_gmt":"2017-05-24T13:42:00","guid":{"rendered":"http:\/\/www.cudecoop.coop\/cudecoop\/?p=1303"},"modified":"2017-05-24T13:42:00","modified_gmt":"2017-05-24T13:42:00","slug":"las-cooperativas-uruguayas-representadas-en-las-naciones-unidas","status":"publish","type":"post","link":"http:\/\/www.cudecoop.coop\/cudecoop\/las-cooperativas-uruguayas-representadas-en-las-naciones-unidas\/","title":{"rendered":"Las cooperativas uruguayas representadas en las Naciones Unidas"},"content":{"rendered":"<p>Entre los d\u00edas 23 y 25 de mayo, se desarrolla en Bangkok, Tailandia, el &#8220;Workshop on cooperative&#8221; convocado por las Naciones Unidas. Representando al movimiento cooperativo nacional, concurre el Vicepresidente 2\u00ba de la Confederaci\u00f3n, T\u00e9c. Agr. Juan Carlos Canessa.<\/p>\n<p>CUDECOOP fue invitada a exponer sobre la diversidad de nuestro movimiento y los aprendizajes de mas de 100 a\u00f1os de historia de contribuciones del sistema cooperativo al desarrollo sostenible del pa\u00eds.<\/p>\n<p>El vocero por las cooperativas uruguayas realiz\u00f3 una presentaci\u00f3n sobre el cooperativismo nacional, en lo que respecta a las modalidades, cifras, as\u00ed como tambi\u00e9n la presencia y representaci\u00f3n del movimiento cooperativo en los diversos organismos p\u00fablicos.<\/p>\n<p>Las preocupaciones centrales del encuentro son en torno a la informaci\u00f3n, la generaci\u00f3n y uso de la misma en el sector cooperativo. <\/p>\n<p>Uruguay comparte presencia con cooperativas de Bangladesh, Botswana; Cambodia, Kenya, Dominica, Brazil ,  Argentina, Thailandia St.Vicent y Grenadines, South Africa, Bhutan, Mongolia y referentes del ICA Asia Pacifico.<\/p>\n","protected":false},"excerpt":{"rendered":"<p>Entre los d\u00edas 23 y 25 de mayo, se desarrolla en Bangkok, Tailandia, el &#8220;Workshop on cooperative&#8221; convocado por las Naciones Unidas. Representando al movimiento cooperativo nacional, concurre el Vicepresidente 2\u00ba de la Confederaci\u00f3n, T\u00e9c. Agr. Juan Carlos Canessa.<\/p>\n","protected":false},"author":1,"featured_media":1746,"comment_status":"closed","ping_status":"Open","sticky":false,"template":"","format":"standard","meta":{"_acf_changed":false,"ngg_post_thumbnail":0,"footnotes":""},"categories":[7],"tags":[],"class_list":["post-1303","post","type-post","status-publish","format-standard","has-post-thumbnail","hentry","category-cooperativas"],"acf":[],"_links":{"self":[{"href":"http:\/\/www.cudecoop.coop\/cudecoop\/wp-json\/wp\/v2\/posts\/1303","targetHints":{"allow":["GET"]}}],"collection":[{"href":"http:\/\/www.cudecoop.coop\/cudecoop\/wp-json\/wp\/v2\/posts"}],"about":[{"href":"http:\/\/www.cudecoop.coop\/cudecoop\/wp-json\/wp\/v2\/types\/post"}],"author":[{"embeddable":true,"href":"http:\/\/www.cudecoop.coop\/cudecoop\/wp-json\/wp\/v2\/users\/1"}],"replies":[{"embeddable":true,"href":"http:\/\/www.cudecoop.coop\/cudecoop\/wp-json\/wp\/v2\/comments?post=1303"}],"version-history":[{"count":0,"href":"http:\/\/www.cudecoop.coop\/cudecoop\/wp-json\/wp\/v2\/posts\/1303\/revisions"}],"wp:featuredmedia":[{"embeddable":true,"href":"http:\/\/www.cudecoop.coop\/cudecoop\/wp-json\/wp\/v2\/media\/1746"}],"wp:attachment":[{"href":"http:\/\/www.cudecoop.coop\/cudecoop\/wp-json\/wp\/v2\/media?parent=1303"}],"wp:term":[{"taxonomy":"category","embeddable":true,"href":"http:\/\/www.cudecoop.coop\/cudecoop\/wp-json\/wp\/v2\/categories?post=1303"},{"taxonomy":"post_tag","embeddable":true,"href":"http:\/\/www.cudecoop.coop\/cudecoop\/wp-json\/wp\/v2\/tags?post=1303"}],"curies":[{"name":"wp","href":"https:\/\/api.w.org\/{rel}","templated":true}]}}