{"id":1302,"date":"2017-05-23T07:47:00","date_gmt":"2017-05-23T07:47:00","guid":{"rendered":"http:\/\/www.cudecoop.coop\/cudecoop\/?p=1302"},"modified":"2017-05-23T07:47:00","modified_gmt":"2017-05-23T07:47:00","slug":"cali-recibe-a-lideres-de-cooperativas-de-las-americas","status":"publish","type":"post","link":"http:\/\/www.cudecoop.coop\/cudecoop\/cali-recibe-a-lideres-de-cooperativas-de-las-americas\/","title":{"rendered":"Cali recibe a l\u00edderes de Cooperativas de las Am\u00e9ricas"},"content":{"rendered":"<p>La presiendenta de la Confederaci\u00f3n, Dra. Graciela Fern\u00e1ndez, representa a Uruguay.<\/p>\n<p>Los d\u00edas 18 y 19 de mayo, la ciudad colombiana se convirti\u00f3 en la sede de la LXVII Reuni\u00f3n del Consejo de Administraci\u00f3n de Cooperativas de las Am\u00e9ricas, as\u00ed como de tres encuentros tem\u00e1ticos sobre finanzas, equidad de g\u00e9nero y juventud.<br \/>\nCon la representaci\u00f3n de 96 organizaciones cooperativas de 22 pa\u00edses, se realiz\u00f3 en la ciudad de Cali, Colombia, la LXVII Reuni\u00f3n del Consejo de Administraci\u00f3n de Cooperativas de las Am\u00e9ricas. En forma paralela, los comit\u00e9s sectoriales organizaron tres Encuentros Cooperativos, con los temas de &#8220;Riesgo y Gobierno Corporativo&#8221;, &#8220;Creaci\u00f3n de espacios de participaci\u00f3n de la juventud&#8221; y &#8220;Prevenci\u00f3n y tratamiento de las violencias de g\u00e9nero&#8221;.<\/p>\n<p>Con relaci\u00f3n a los encuentros, Ram\u00f3n Imperial, Presidente del Consejo de Adminstraci\u00f3n, habl\u00f3 al peri\u00f3dico local La Rep\u00fablica, sobre los retos que presenta el sector en el mundo. &#8220;Por las tendencias mundiales de la econom\u00eda, parece que la riqueza se concentra cada vez m\u00e1s en pocas manos, lo que hace que a\u00fan sea mucho lo que tenemos que hacer las cooperativas para cumplir nuestra misi\u00f3n, que consiste en realmente ayudar a la gente\u009d, se\u00f1al\u00f3.<\/p>\n<p>Por su parte, Alfredo Arana Velasco, presidente ejecutivo del Grupo Empresarial Cooperativo Coomeva, destac\u00f3 el que Colombia hubiese sido escogida como anfitriona, lo cual demuestra la confianza que se tiene en el pa\u00eds y en su econom\u00eda solidaria. Para Arana, herramientas como la tecnolog\u00eda y la superaci\u00f3n de dificultades geogr\u00e1ficas en el pa\u00eds han permitido que las cooperativas sean un gran instrumento para avanzar en el objetivo fundamental de la inclusi\u00f3n financiera, y agreg\u00f3 que \u009dlas cooperativas financieras tienen una preocupaci\u00f3n alrededor de seguir avanzando en la necesidad de inclusi\u00f3n financiera, esto es que tengamos mayores vinculaciones\u009d.<\/p>\n<p>En el marco de la Reuni\u00f3n, adem\u00e1s de los temas habituales a la gesti\u00f3n ejecutiva de Cooperativas de las Am\u00e9ricas, se realiz\u00f3 un sentido homenaje al Director Regional, Manuel Mari\u00f1o, por sus a\u00f1os de servicio al frente de la organizaci\u00f3n.<\/p>\n<p>Nota tomada de la web de Cooperativas de las Am\u00e9ricas<br \/>\nhttp:\/\/www.aciamericas.coop\/Cali-recibe-a-lideres-de-Cooperativas-de-las-Americas<\/p>\n","protected":false},"excerpt":{"rendered":"<p>La presiendenta de la Confederaci\u00f3n, Dra. Graciela Fern\u00e1ndez, representa a Uruguay.<\/p>\n","protected":false},"author":1,"featured_media":1745,"comment_status":"closed","ping_status":"Open","sticky":false,"template":"","format":"standard","meta":{"_acf_changed":false,"ngg_post_thumbnail":0,"footnotes":""},"categories":[7],"tags":[],"class_list":["post-1302","post","type-post","status-publish","format-standard","has-post-thumbnail","hentry","category-cooperativas"],"acf":[],"_links":{"self":[{"href":"http:\/\/www.cudecoop.coop\/cudecoop\/wp-json\/wp\/v2\/posts\/1302","targetHints":{"allow":["GET"]}}],"collection":[{"href":"http:\/\/www.cudecoop.coop\/cudecoop\/wp-json\/wp\/v2\/posts"}],"about":[{"href":"http:\/\/www.cudecoop.coop\/cudecoop\/wp-json\/wp\/v2\/types\/post"}],"author":[{"embeddable":true,"href":"http:\/\/www.cudecoop.coop\/cudecoop\/wp-json\/wp\/v2\/users\/1"}],"replies":[{"embeddable":true,"href":"http:\/\/www.cudecoop.coop\/cudecoop\/wp-json\/wp\/v2\/comments?post=1302"}],"version-history":[{"count":0,"href":"http:\/\/www.cudecoop.coop\/cudecoop\/wp-json\/wp\/v2\/posts\/1302\/revisions"}],"wp:featuredmedia":[{"embeddable":true,"href":"http:\/\/www.cudecoop.coop\/cudecoop\/wp-json\/wp\/v2\/media\/1745"}],"wp:attachment":[{"href":"http:\/\/www.cudecoop.coop\/cudecoop\/wp-json\/wp\/v2\/media?parent=1302"}],"wp:term":[{"taxonomy":"category","embeddable":true,"href":"http:\/\/www.cudecoop.coop\/cudecoop\/wp-json\/wp\/v2\/categories?post=1302"},{"taxonomy":"post_tag","embeddable":true,"href":"http:\/\/www.cudecoop.coop\/cudecoop\/wp-json\/wp\/v2\/tags?post=1302"}],"curies":[{"name":"wp","href":"https:\/\/api.w.org\/{rel}","templated":true}]}}