{"id":1301,"date":"2017-05-16T13:05:00","date_gmt":"2017-05-16T13:05:00","guid":{"rendered":"http:\/\/www.cudecoop.coop\/cudecoop\/?p=1301"},"modified":"2017-05-16T13:05:00","modified_gmt":"2017-05-16T13:05:00","slug":"el-programa-de-formacion-cooperativa-sigue-recorriendo-el-pais","status":"publish","type":"post","link":"http:\/\/www.cudecoop.coop\/cudecoop\/el-programa-de-formacion-cooperativa-sigue-recorriendo-el-pais\/","title":{"rendered":"El Programa de Formaci\u00f3n Cooperativa sigue recorriendo el pa\u00eds"},"content":{"rendered":"<p>El PROCOOP se present\u00f3 en Paysand\u00fa y Salto los d\u00edas 11 y 12 de mayo.<\/p>\n<p>Le toc\u00f3 el turno a la Mesa Intercooperativa de Paysand\u00fa el d\u00eda jueves 11 de mayo, de recibir a la delegaci\u00f3n del Instituto Nacional del Cooperativismo (INACOOP) y de la Confederaci\u00f3n Uruguaya de Entidades Cooperativas (CUDECOOP) quien fue representada por su vicepresidenta, la Sra. Ma. de los \u00c1ngeles Dati.<br \/>\nParticiparon del encuentro diversos actores, entre ellos la representante nacional por el departamento de Paysand\u00fa, la Dra. Cecilia Bottino, tambi\u00e9n particip\u00f3 la Agencia de Desarrollo de departamento, y la subdirectora de la Intendencia. Todos ellos acompa\u00f1aron a los integrantes de la Mesa Departamental. Se trat\u00f3 de una concurrencia superior a las 100 personas.<br \/>\nEsto sucedi\u00f3 en la Casa Universitaria de la ciudad. La Mesa present\u00f3 el plan de trabajo para el a\u00f1o 2017, donde se propone la integraci\u00f3n, formaci\u00f3n, y el refuerzo de los v\u00ednculos interinstitucionales. <\/p>\n<p>Por otro lado en el departamento de Salto, el encuentro se llev\u00f3 a cabo el d\u00eda viernes 12 de mayo.<br \/>\nPor la ma\u00f1ana se realiz\u00f3 el primer taller para las Entidades de Capacitaci\u00f3n (ECAs) y consultores individuales inscriptos en el Programa de Formaci\u00f3n, PROCOOP, en el que participaron los docentes y consultores de Salto, Paysand\u00fa y Tacuaremb\u00f3. Qued\u00f3 definido que los pr\u00f3ximos talleres se realizar\u00e1n en los primeros d\u00edas de junio.<br \/>\nEn la tarde se realiz\u00f3 la presentaci\u00f3n del PROCOOP en la mesa intercooperativa de Salto, en el cual estuvieron representadas todas las modalidades cooperativas.<\/p>\n","protected":false},"excerpt":{"rendered":"<p>El PROCOOP se present\u00f3 en Paysand\u00fa y Salto los d\u00edas 11 y 12 de mayo.<\/p>\n","protected":false},"author":1,"featured_media":0,"comment_status":"closed","ping_status":"Open","sticky":false,"template":"","format":"standard","meta":{"_acf_changed":false,"ngg_post_thumbnail":0,"footnotes":""},"categories":[7],"tags":[],"class_list":["post-1301","post","type-post","status-publish","format-standard","hentry","category-cooperativas"],"acf":[],"_links":{"self":[{"href":"http:\/\/www.cudecoop.coop\/cudecoop\/wp-json\/wp\/v2\/posts\/1301","targetHints":{"allow":["GET"]}}],"collection":[{"href":"http:\/\/www.cudecoop.coop\/cudecoop\/wp-json\/wp\/v2\/posts"}],"about":[{"href":"http:\/\/www.cudecoop.coop\/cudecoop\/wp-json\/wp\/v2\/types\/post"}],"author":[{"embeddable":true,"href":"http:\/\/www.cudecoop.coop\/cudecoop\/wp-json\/wp\/v2\/users\/1"}],"replies":[{"embeddable":true,"href":"http:\/\/www.cudecoop.coop\/cudecoop\/wp-json\/wp\/v2\/comments?post=1301"}],"version-history":[{"count":0,"href":"http:\/\/www.cudecoop.coop\/cudecoop\/wp-json\/wp\/v2\/posts\/1301\/revisions"}],"wp:attachment":[{"href":"http:\/\/www.cudecoop.coop\/cudecoop\/wp-json\/wp\/v2\/media?parent=1301"}],"wp:term":[{"taxonomy":"category","embeddable":true,"href":"http:\/\/www.cudecoop.coop\/cudecoop\/wp-json\/wp\/v2\/categories?post=1301"},{"taxonomy":"post_tag","embeddable":true,"href":"http:\/\/www.cudecoop.coop\/cudecoop\/wp-json\/wp\/v2\/tags?post=1301"}],"curies":[{"name":"wp","href":"https:\/\/api.w.org\/{rel}","templated":true}]}}