{"id":1300,"date":"2017-05-12T12:00:00","date_gmt":"2017-05-12T12:00:00","guid":{"rendered":"http:\/\/www.cudecoop.coop\/cudecoop\/?p=1300"},"modified":"2017-05-12T12:00:00","modified_gmt":"2017-05-12T12:00:00","slug":"comienzo-de-la-5ta-edicion-de-la-especializacion-en-gestion-cooperativa","status":"publish","type":"post","link":"http:\/\/www.cudecoop.coop\/cudecoop\/comienzo-de-la-5ta-edicion-de-la-especializacion-en-gestion-cooperativa\/","title":{"rendered":"Comienzo de la 5ta edici\u00f3n de la Especializaci\u00f3n en Gesti\u00f3n Cooperativa"},"content":{"rendered":"<p>Martes 9 de mayo se realiz\u00f3 la clase presencial con los alumnos de la generaci\u00f3n 2017 del diplomado y la entrega de diplomas a los alumnos que cursaron en el 2016.<\/p>\n<p>Con apertura del Rector Interino de la Facultad de Ciencias Econ\u00f3micas y de Administraci\u00f3n, Jorge Xavier y la presidenta de la Confederaci\u00f3n Uruguaya de Entidades Cooperativas, Graciela Fern\u00e1ndez, se dio apertura a la 5ta edici\u00f3n del Diplomado. <\/p>\n<p>El vocero de la Facultad resalt\u00f3 la importancia de los acuerdos que se generan entre la Universidad y la sociedad civil, la extensi\u00f3n universitaria que permite que accedan a cursos universitarios personas que no cuentan con formaci\u00f3n terciaria. Tambi\u00e9n resalt\u00f3 que &#8220;se trata de un curso a distancia que permite a las personas que viven en el interior, poder realizarlo desde sus hogares&#8221;. Destac\u00f3 el tes\u00f3n de CUDECOOP por haber logrado implementar esta formaci\u00f3n, tras arduos a\u00f1os de esfuerzo. <\/p>\n<p>Por otro lado, la presidenta de la Confederaci\u00f3n se\u00f1al\u00f3 la importancia que tiene la formaci\u00f3n profesional de t\u00e9cnicos y dirigentes cooperativistas, &#8220;es un avance que mejora al movimiento cooperativo&#8221; destac\u00f3 Fern\u00e1ndez, adem\u00e1s de aprovechar la ocasi\u00f3n para felicitar el trabajo de los t\u00e9cnicos por los logros que se siguen obteniendo en la realizaci\u00f3n del diplomado. <\/p>\n<p>En el 2017 comienzan a cursar 44 alumnos.<\/p>\n","protected":false},"excerpt":{"rendered":"<p>Martes 9 de mayo se realiz\u00f3 la clase presencial con los alumnos de la generaci\u00f3n 2017 del diplomado y la entrega de diplomas a los alumnos que cursaron en el 2016.<\/p>\n","protected":false},"author":1,"featured_media":0,"comment_status":"closed","ping_status":"Open","sticky":false,"template":"","format":"standard","meta":{"_acf_changed":false,"ngg_post_thumbnail":0,"footnotes":""},"categories":[7],"tags":[],"class_list":["post-1300","post","type-post","status-publish","format-standard","hentry","category-cooperativas"],"acf":[],"_links":{"self":[{"href":"http:\/\/www.cudecoop.coop\/cudecoop\/wp-json\/wp\/v2\/posts\/1300","targetHints":{"allow":["GET"]}}],"collection":[{"href":"http:\/\/www.cudecoop.coop\/cudecoop\/wp-json\/wp\/v2\/posts"}],"about":[{"href":"http:\/\/www.cudecoop.coop\/cudecoop\/wp-json\/wp\/v2\/types\/post"}],"author":[{"embeddable":true,"href":"http:\/\/www.cudecoop.coop\/cudecoop\/wp-json\/wp\/v2\/users\/1"}],"replies":[{"embeddable":true,"href":"http:\/\/www.cudecoop.coop\/cudecoop\/wp-json\/wp\/v2\/comments?post=1300"}],"version-history":[{"count":0,"href":"http:\/\/www.cudecoop.coop\/cudecoop\/wp-json\/wp\/v2\/posts\/1300\/revisions"}],"wp:attachment":[{"href":"http:\/\/www.cudecoop.coop\/cudecoop\/wp-json\/wp\/v2\/media?parent=1300"}],"wp:term":[{"taxonomy":"category","embeddable":true,"href":"http:\/\/www.cudecoop.coop\/cudecoop\/wp-json\/wp\/v2\/categories?post=1300"},{"taxonomy":"post_tag","embeddable":true,"href":"http:\/\/www.cudecoop.coop\/cudecoop\/wp-json\/wp\/v2\/tags?post=1300"}],"curies":[{"name":"wp","href":"https:\/\/api.w.org\/{rel}","templated":true}]}}