{"id":1298,"date":"2017-05-10T16:19:00","date_gmt":"2017-05-10T16:19:00","guid":{"rendered":"http:\/\/www.cudecoop.coop\/cudecoop\/?p=1298"},"modified":"2017-05-10T16:19:00","modified_gmt":"2017-05-10T16:19:00","slug":"juntos-hacia-una-ley-de-la-economia-social-y-solidaria","status":"publish","type":"post","link":"http:\/\/www.cudecoop.coop\/cudecoop\/juntos-hacia-una-ley-de-la-economia-social-y-solidaria\/","title":{"rendered":"Juntos hacia una Ley de la Econom\u00eda Social y Solidaria"},"content":{"rendered":"<p>Gracias al espacio liderado por la Confederaci\u00f3n Uruguaya de Entidades Cooperativas, CUDECOOP, se reunieron en la ma\u00f1ana del mi\u00e9rcoles 10 de  mayo, diversos representantes de la econom\u00eda social nacional para debatir en conjunto sobre la Ley de la Econom\u00eda Social y Solidaria. El Dr. Diego Moreno de INACOOP realiz\u00f3 una presentaci\u00f3n del avance que la Ley tiene hasta el momento.<\/p>\n<p>Desde el \u00e1mbito de las organizaciones estuvieron presentes: Anda, C\u00edrculo Cat\u00f3lico, Casa de Galicia, Asociaci\u00f3n Espa\u00f1ola, las federaciones y socias de la Confederaci\u00f3n, el Consejo Directivo y los delegados a todos los institutos p\u00fablicos. Tambi\u00e9n estuvieron representantes de la Universidad de la Rep\u00fablica y de la Coordinadora Nacional de Econom\u00eda Solidaria, entre otros actores presentes.<\/p>\n<p>Tambi\u00e9n tuvieron una significativa participaci\u00f3n entidades del \u00e1mbito p\u00fablico, incluyendo directores del Instituto Nacional del Cooperativismo, INACOOP, la directora Nacional de la Econom\u00eda Social e Inclusi\u00f3n Laboral, DINESIL (MIDES), y la Auditora Interna de la Naci\u00f3n (AIN).<\/p>\n<p>El proyecto de ley apunta a visibilizar el universo de actores que comparte el conjunto de principios y valores sobre esta forma de hacer econom\u00eda. Se trata de una propuesta que propone ser una ley marco de la econom\u00eda social y solidaria, que a su vez remitir\u00eda a las distintas normas espec\u00edficas de cada una de las formas que constituyen este universo, conformando un sistema coherente y articulado.<\/p>\n<p>Finalmente, luego de un amplio intercambio entre todas las expresiones de la econom\u00eda social, queda bastante clara la importancia de avanzar en este tema, y el compromiso fuerte en profundizar los diferentes aspectos de este proyecto de ley.<\/p>\n","protected":false},"excerpt":{"rendered":"<p>Gracias al espacio liderado por la Confederaci\u00f3n Uruguaya de Entidades Cooperativas, CUDECOOP, se reunieron en la ma\u00f1ana del mi\u00e9rcoles 10 de  mayo, diversos representantes de la econom\u00eda social nacional para debatir en conjunto sobre la Ley de la Econom\u00eda Social y Solidaria. El Dr. Diego Moreno de INACOOP realiz\u00f3 una presentaci\u00f3n del avance que la Ley tiene hasta el momento.<\/p>\n","protected":false},"author":1,"featured_media":0,"comment_status":"closed","ping_status":"Open","sticky":false,"template":"","format":"standard","meta":{"_acf_changed":false,"ngg_post_thumbnail":0,"footnotes":""},"categories":[7],"tags":[],"class_list":["post-1298","post","type-post","status-publish","format-standard","hentry","category-cooperativas"],"acf":[],"_links":{"self":[{"href":"http:\/\/www.cudecoop.coop\/cudecoop\/wp-json\/wp\/v2\/posts\/1298","targetHints":{"allow":["GET"]}}],"collection":[{"href":"http:\/\/www.cudecoop.coop\/cudecoop\/wp-json\/wp\/v2\/posts"}],"about":[{"href":"http:\/\/www.cudecoop.coop\/cudecoop\/wp-json\/wp\/v2\/types\/post"}],"author":[{"embeddable":true,"href":"http:\/\/www.cudecoop.coop\/cudecoop\/wp-json\/wp\/v2\/users\/1"}],"replies":[{"embeddable":true,"href":"http:\/\/www.cudecoop.coop\/cudecoop\/wp-json\/wp\/v2\/comments?post=1298"}],"version-history":[{"count":0,"href":"http:\/\/www.cudecoop.coop\/cudecoop\/wp-json\/wp\/v2\/posts\/1298\/revisions"}],"wp:attachment":[{"href":"http:\/\/www.cudecoop.coop\/cudecoop\/wp-json\/wp\/v2\/media?parent=1298"}],"wp:term":[{"taxonomy":"category","embeddable":true,"href":"http:\/\/www.cudecoop.coop\/cudecoop\/wp-json\/wp\/v2\/categories?post=1298"},{"taxonomy":"post_tag","embeddable":true,"href":"http:\/\/www.cudecoop.coop\/cudecoop\/wp-json\/wp\/v2\/tags?post=1298"}],"curies":[{"name":"wp","href":"https:\/\/api.w.org\/{rel}","templated":true}]}}