{"id":1296,"date":"2017-05-05T22:15:00","date_gmt":"2017-05-05T22:15:00","guid":{"rendered":"http:\/\/www.cudecoop.coop\/cudecoop\/?p=1296"},"modified":"2017-05-05T22:15:00","modified_gmt":"2017-05-05T22:15:00","slug":"nueva-apuesta-por-el-fortalecimiento-del-cooperativismo","status":"publish","type":"post","link":"http:\/\/www.cudecoop.coop\/cudecoop\/nueva-apuesta-por-el-fortalecimiento-del-cooperativismo\/","title":{"rendered":"Nueva apuesta por el fortalecimiento del cooperativismo"},"content":{"rendered":"<p>En la tarde del viernes 5 de mayo, se firmaron los convenios anuales de Fortalecimiento Gremial y Desarrollo Territorial entre INACOOP y CUDECOOP, y sus respectivas asociadas. Tambi\u00e9n se realiz\u00f3 la primer firma de convenio de trabajo entre el Centro Cooperativista Uruguayo, CCU, como Entidad de Capacitaci\u00f3n y CAF como beneficiaria en el marco del Programa de Formaci\u00f3n Cooperativa, Procoop.<\/p>\n<p>La apertura fue realizada por la Dra. Graciela Fern\u00e1ndez, quien preside la Confederaci\u00f3n. La misma destac\u00f3 el trabajo de articulaci\u00f3n realizado entre las instituciones, \u009dla Confederaci\u00f3n y el Instituto lograron por primera desde sus directorios, en jornadas de trabajo, analizar los planes de trabajo en pol\u00edtica y estrategia de forma conjunta\u009d, situaci\u00f3n que no hab\u00eda sucedido anteriormente. \u009desto ha llevado a  que Inacoop tenga un plan de pol\u00edtica estrat\u00e9gica que respeta claramente lo que la Confederaci\u00f3n desea para este a\u00f1o\u009d se\u00f1al\u00f3 Fern\u00e1ndez.<\/p>\n<p><b>Necesitamos mejor comunicaci\u00f3n en la interna del movimiento<br \/>\n<\/b><br \/>\n\u009dEs fundamental para afianzarnos  en nuestros principios y valores, comunicarnos mejor interinstitucionalmente. Aunque muchos digan que son utop\u00edas, que no se alcanzan, nosotros tenemos que reforzarlos, formando nuestras empresas cooperativas con competitividad nacional, para competir con otra negociaci\u00f3n y otra pol\u00edtica que no comparten nuestros principios\u009d, siguiendo esta l\u00ednea, Fern\u00e1ndez destaca la importancia de la firma de los convenios de fortalecimiento gremial para tener posibilidades de desarrollar las pol\u00edticas internas del cooperativismo, desarrollar las pol\u00edticas de comunicaci\u00f3n interna, de marketing  y \u009ddesarrollar lo que necesitamos fundamentalmente, que es formarnos y educarnos para este nuevo momento del cooperativismo\u009d, concluy\u00f3.<br \/>\nLa Dra. Fern\u00e1ndez agradeci\u00f3 al Instituto por escuchar abiertamente las propuestas de la Confederaci\u00f3n, y a las Federaciones por el trabajo que vienen realizando.<\/p>\n<p><b>Estamos yendo un poco m\u00e1s all\u00e1 de lo que pens\u00e1bamos ir<br \/>\n<\/b><br \/>\nGustavo Bernini en nombre del directorio del Inacoop y de la Junta Directiva del Fonde-Inacoop continu\u00f3 con la disertaci\u00f3n se\u00f1alando que esta firma es mucho m\u00e1s que algo administrativo, \u009destamos valorando lo que estamos haciendo, esto es un esfuerzo colectivo. Y estamos yendo un poco m\u00e1s all\u00e1 de lo que pens\u00e1bamos ir: hoy estamos incluyendo indicadores que sean capaces de medir el desarrollo de cada una de las gremiales\u009d, indic\u00f3.<\/p>\n<p>Refiri\u00e9ndose a la influencia e importancia que tiene el papel de la pol\u00edtica en el desarrollo del sector se\u00f1al\u00f3 que \u009dtener un desarrollo territorial a nivel nacional y una fuerte gremial, nos permite que si los contextos pol\u00edticos cambian, el movimiento cooperativo se encuentre bien parado. Si el contexto pol\u00edtico es desfavorable le va a costar mucho m\u00e1s hacer perder lo acumulado. Esto se cristaliza en los dos convenios que firmamos hoy el desarrollo territorial y el fortalecimiento gremial\u009d, concluy\u00f3 y dio paso a cada federaci\u00f3n para que haga firma de su convenio.<\/p>\n<p><b>Cooperativas Agrarias Federadas &#8211; CAF<br \/>\n<\/b>La presidenta Virginia San Mart\u00edn agradeci\u00f3 que a trav\u00e9s del Fortalecimiento CAF realiz\u00f3 una unidad comercial, y ven a la misma como un logro importante.<br \/>\nResalt\u00f3 que la Federaci\u00f3n espera que el apoyo pueda tener continuidad para de esa manera fortalecer lo que ya se comenz\u00f3 a trabajar. <\/p>\n<p><b>C\u00e1mara Uruguaya de Cooperativas de Ahorro y Cr\u00e9dito de Capitalizaci\u00f3n &#8211; CUCACC<br \/>\n<\/b>Alfredo Allo, presidente de la C\u00e1mara, destac\u00f3 que el retorno de la misma como afiliada a la Confederaci\u00f3n le llev\u00f3 a que se integren nuevas cooperativas de ahorro y cr\u00e9dito a su lista de afiliadas.<br \/>\nSe\u00f1al\u00f3 la importancia de capacitar, a trav\u00e9s del nuevo Programa de Formaci\u00f3n Cooperativa, tanto a niveles directivos, como como mandos medios, funcionarios y cooperativistas. Destac\u00f3 el buen v\u00ednculo que la instituci\u00f3n mantiene con el Inacoop y el acompa\u00f1amiento que viene recibiendo de parte de CUDECOOP en diversos \u00e1mbitos. <\/p>\n<p><b>Federaci\u00f3n de Cooperativas de Producci\u00f3n \u009d FCPU<br \/>\n<\/b>Lu\u00eds \u00c1lvez, su Secretario Primero, destac\u00f3 que los fondos han sido bien utilizados y se han visto reflejados en cada una de las gremiales y en las cooperativas. Para la Federaci\u00f3n es momento de apostar fuertemente a la cuesti\u00f3n de g\u00e9nero, \u009des una pol\u00edtica y nos proponemos fortalecerla\u009d.<br \/>\nOtro gran desaf\u00edo tiene que ver con al educaci\u00f3n cooperativa, somos due\u00f1os de nuestros medios de producci\u00f3n, y para lograr tener esa conciencia solo se puede hacer con una educaci\u00f3n cooperativa muy fuerte. \u009dapostamos a la Escuela Cooperativa, es parte de nuestro desaf\u00edo, debemos estar juntos en esta apuesta que tiene que ver con la educaci\u00f3n\u009d<br \/>\n<b><br \/>\nFederaci\u00f3n de Cooperativas de Vivienda por Ahorro Previo \u009d FECOVI<\/b><br \/>\nSu presidente, \u00c1lex de \u00c1lava, inform\u00f3 que a trav\u00e9s del fortalecimiento est\u00e1n apostando fuertemente a trabajar en el interior. Paysand\u00fa y Canelones son los primordiales en la actualidad. En Fecovi se agrand\u00f3 la plantilla de t\u00e9cnicos que trabajan establemente en la instituci\u00f3n, las incorporaciones han sido una persona con el rol de Coordinador General, dos comunicadores, dos trabajadores sociales, y tienen en planes integrar un economista.<br \/>\n<b><br \/>\nFederaci\u00f3n de Cooperativas de Consumo \u009d FUCC<\/b><br \/>\nJos\u00e9 Tripodi, quien preside la Federaci\u00f3n se\u00f1al\u00f3 los avances obtenidos gracias al fortalecimiento: incremento de plantilla de profesionales y t\u00e9cnicos, mejora de los recursos para la comunicaci\u00f3n, el impulso para los espacios de intercambio \u009dlas Tertulias Cooperativas\u009d, entre otros tantos logros y avances.<\/p>\n<p><b>Federaci\u00f3n Uruguaya de Cooperativas de Vivienda por Ayuda Mutua \u009d FUCVAM<br \/>\n<\/b>Jorge D\u00edaz, reconoci\u00f3 la importancia de la creaci\u00f3n del Instituto Nacional del Cooperativismo, que tan a\u00f1orado fue por tantos a\u00f1os. El sistema cooperativo es la \u00fanica alternativa que hay al sistema para rescatar el lado humano de los trabajadores. Destac\u00f3 que el fortalecimiento sirvi\u00f3 en la Federaci\u00f3n para comenzar a trabajar profesionalmente la comunicaci\u00f3n, poder informar y vincularnos, desde una p\u00e1gina web hasta los v\u00ednculos con el interior.<br \/>\nJorge D\u00edaz aprovech\u00f3 la ocasi\u00f3n para informar que a partir de mediados de a\u00f1o Fucvam estar\u00e1 trabajando en \u00c1frica del Sur y en Vietman transmitiendo el conocimiento para la reproducci\u00f3n del sistema cooperativo.<\/p>\n","protected":false},"excerpt":{"rendered":"<p>En la tarde del viernes 5 de mayo, se firmaron los convenios anuales de Fortalecimiento Gremial y Desarrollo Territorial entre INACOOP y CUDECOOP, y sus respectivas asociadas. Tambi\u00e9n se realiz\u00f3 la primer firma de convenio de trabajo entre el Centro Cooperativista Uruguayo, CCU, como Entidad de Capacitaci\u00f3n y CAF como beneficiaria en el marco del Programa de Formaci\u00f3n Cooperativa, Procoop.<\/p>\n","protected":false},"author":1,"featured_media":0,"comment_status":"closed","ping_status":"Open","sticky":false,"template":"","format":"standard","meta":{"_acf_changed":false,"ngg_post_thumbnail":0,"footnotes":""},"categories":[7],"tags":[],"class_list":["post-1296","post","type-post","status-publish","format-standard","hentry","category-cooperativas"],"acf":[],"_links":{"self":[{"href":"http:\/\/www.cudecoop.coop\/cudecoop\/wp-json\/wp\/v2\/posts\/1296","targetHints":{"allow":["GET"]}}],"collection":[{"href":"http:\/\/www.cudecoop.coop\/cudecoop\/wp-json\/wp\/v2\/posts"}],"about":[{"href":"http:\/\/www.cudecoop.coop\/cudecoop\/wp-json\/wp\/v2\/types\/post"}],"author":[{"embeddable":true,"href":"http:\/\/www.cudecoop.coop\/cudecoop\/wp-json\/wp\/v2\/users\/1"}],"replies":[{"embeddable":true,"href":"http:\/\/www.cudecoop.coop\/cudecoop\/wp-json\/wp\/v2\/comments?post=1296"}],"version-history":[{"count":0,"href":"http:\/\/www.cudecoop.coop\/cudecoop\/wp-json\/wp\/v2\/posts\/1296\/revisions"}],"wp:attachment":[{"href":"http:\/\/www.cudecoop.coop\/cudecoop\/wp-json\/wp\/v2\/media?parent=1296"}],"wp:term":[{"taxonomy":"category","embeddable":true,"href":"http:\/\/www.cudecoop.coop\/cudecoop\/wp-json\/wp\/v2\/categories?post=1296"},{"taxonomy":"post_tag","embeddable":true,"href":"http:\/\/www.cudecoop.coop\/cudecoop\/wp-json\/wp\/v2\/tags?post=1296"}],"curies":[{"name":"wp","href":"https:\/\/api.w.org\/{rel}","templated":true}]}}