{"id":1295,"date":"2017-05-04T15:36:00","date_gmt":"2017-05-04T15:36:00","guid":{"rendered":"http:\/\/www.cudecoop.coop\/cudecoop\/?p=1295"},"modified":"2017-05-04T15:36:00","modified_gmt":"2017-05-04T15:36:00","slug":"consejo-directivo-del-mes-de-mayo","status":"publish","type":"post","link":"http:\/\/www.cudecoop.coop\/cudecoop\/consejo-directivo-del-mes-de-mayo\/","title":{"rendered":"Consejo Directivo del mes de Mayo"},"content":{"rendered":"<p>Martes 2 de mayo, sesion\u00f3 el Consejo Directivo de la Confederaci\u00f3n.<\/p>\n<p>Con una amplia participaci\u00f3n de consejeros, se present\u00f3 el balance econ\u00f3mico del a\u00f1o 2016, evaluado de manera positiva por los mismos.<br \/>\nSe aprob\u00f3 la planificaci\u00f3n estrat\u00e9gica, con incorporaci\u00f3n de sugerencias realizadas por ACAC.<br \/>\nSe solicit\u00f3 a las clases cooperativas que aun no han definido su integraci\u00f3n a la Escuela Nacional del Cooperativismo que presenten sus candidatos\/tas en el correr de los pr\u00f3ximos d\u00edas, para esta primera etapa de organizaci\u00f3n.<\/p>\n","protected":false},"excerpt":{"rendered":"<p>Martes 2 de mayo, sesion\u00f3 el Consejo Directivo de la Confederaci\u00f3n.<\/p>\n","protected":false},"author":1,"featured_media":0,"comment_status":"closed","ping_status":"Open","sticky":false,"template":"","format":"standard","meta":{"_acf_changed":false,"ngg_post_thumbnail":0,"footnotes":""},"categories":[7],"tags":[],"class_list":["post-1295","post","type-post","status-publish","format-standard","hentry","category-cooperativas"],"acf":[],"_links":{"self":[{"href":"http:\/\/www.cudecoop.coop\/cudecoop\/wp-json\/wp\/v2\/posts\/1295","targetHints":{"allow":["GET"]}}],"collection":[{"href":"http:\/\/www.cudecoop.coop\/cudecoop\/wp-json\/wp\/v2\/posts"}],"about":[{"href":"http:\/\/www.cudecoop.coop\/cudecoop\/wp-json\/wp\/v2\/types\/post"}],"author":[{"embeddable":true,"href":"http:\/\/www.cudecoop.coop\/cudecoop\/wp-json\/wp\/v2\/users\/1"}],"replies":[{"embeddable":true,"href":"http:\/\/www.cudecoop.coop\/cudecoop\/wp-json\/wp\/v2\/comments?post=1295"}],"version-history":[{"count":0,"href":"http:\/\/www.cudecoop.coop\/cudecoop\/wp-json\/wp\/v2\/posts\/1295\/revisions"}],"wp:attachment":[{"href":"http:\/\/www.cudecoop.coop\/cudecoop\/wp-json\/wp\/v2\/media?parent=1295"}],"wp:term":[{"taxonomy":"category","embeddable":true,"href":"http:\/\/www.cudecoop.coop\/cudecoop\/wp-json\/wp\/v2\/categories?post=1295"},{"taxonomy":"post_tag","embeddable":true,"href":"http:\/\/www.cudecoop.coop\/cudecoop\/wp-json\/wp\/v2\/tags?post=1295"}],"curies":[{"name":"wp","href":"https:\/\/api.w.org\/{rel}","templated":true}]}}