{"id":1294,"date":"2017-05-04T12:26:00","date_gmt":"2017-05-04T12:26:00","guid":{"rendered":"http:\/\/www.cudecoop.coop\/cudecoop\/?p=1294"},"modified":"2017-05-04T12:26:00","modified_gmt":"2017-05-04T12:26:00","slug":"asamblea-general-ordinaria-de-cudecoop","status":"publish","type":"post","link":"http:\/\/www.cudecoop.coop\/cudecoop\/asamblea-general-ordinaria-de-cudecoop\/","title":{"rendered":"Asamblea General Ordinaria de CUDECOOP"},"content":{"rendered":"<p>Martes 30 de Mayo, 17 hs, en la Fundaci\u00f3n Fucac.<\/p>\n<p>LLAMADO ASAMBLEA GENERAL ORDINARIA<\/p>\n<p>El Consejo Directivo de la Confederaci\u00f3n Uruguaya de Entidades Cooperativas, cumpliendo con los art\u00edculos 28 y 30 de sus estatutos, convoca a sus asociados a la Asamblea General Ordinaria a realizarse el d\u00eda martes 30 de mayo de 2017 en la Fundaci\u00f3n FUCAC ubicada en 18 de Julio 2017, Montevideo.<\/p>\n<p>Orden del D\u00eda:<\/p>\n<p>1. Consideraci\u00f3n del Acta anterior<\/p>\n<p>2. Informe de la Comisi\u00f3n Fiscal<\/p>\n<p>3. Memoria Anual Ejercicio 2016<\/p>\n<p>4. Estados Contables Ejercicio 2016<\/p>\n<p>5. Distribuci\u00f3n de excedentes o financiaci\u00f3n de p\u00e9rdidas<\/p>\n<p>6. Fijaci\u00f3n de pol\u00edticas y planes para el nuevo ejercicio<\/p>\n<p>7. Selecci\u00f3n de los candidatos que se propongan al Poder Ejecutivo para integrar el Instituto Nacional del Cooperativismo y la fijaci\u00f3n de las orientaciones pol\u00edticas y estrat\u00e9gicas a las que deber\u00e1n sujetarse los delegados electos.<\/p>\n<p>Las organizaciones socias de la Confederaci\u00f3n que a\u00fan no hayan presentado candidato\/a para delegar al Instituto, tienen tiempo de hacerlo hasta el jueves 25 de mayo.<\/p>\n","protected":false},"excerpt":{"rendered":"<p>Martes 30 de Mayo, 17 hs, en la Fundaci\u00f3n Fucac.<\/p>\n","protected":false},"author":1,"featured_media":0,"comment_status":"closed","ping_status":"Open","sticky":false,"template":"","format":"standard","meta":{"_acf_changed":false,"ngg_post_thumbnail":0,"footnotes":""},"categories":[7],"tags":[],"class_list":["post-1294","post","type-post","status-publish","format-standard","hentry","category-cooperativas"],"acf":[],"_links":{"self":[{"href":"http:\/\/www.cudecoop.coop\/cudecoop\/wp-json\/wp\/v2\/posts\/1294","targetHints":{"allow":["GET"]}}],"collection":[{"href":"http:\/\/www.cudecoop.coop\/cudecoop\/wp-json\/wp\/v2\/posts"}],"about":[{"href":"http:\/\/www.cudecoop.coop\/cudecoop\/wp-json\/wp\/v2\/types\/post"}],"author":[{"embeddable":true,"href":"http:\/\/www.cudecoop.coop\/cudecoop\/wp-json\/wp\/v2\/users\/1"}],"replies":[{"embeddable":true,"href":"http:\/\/www.cudecoop.coop\/cudecoop\/wp-json\/wp\/v2\/comments?post=1294"}],"version-history":[{"count":0,"href":"http:\/\/www.cudecoop.coop\/cudecoop\/wp-json\/wp\/v2\/posts\/1294\/revisions"}],"wp:attachment":[{"href":"http:\/\/www.cudecoop.coop\/cudecoop\/wp-json\/wp\/v2\/media?parent=1294"}],"wp:term":[{"taxonomy":"category","embeddable":true,"href":"http:\/\/www.cudecoop.coop\/cudecoop\/wp-json\/wp\/v2\/categories?post=1294"},{"taxonomy":"post_tag","embeddable":true,"href":"http:\/\/www.cudecoop.coop\/cudecoop\/wp-json\/wp\/v2\/tags?post=1294"}],"curies":[{"name":"wp","href":"https:\/\/api.w.org\/{rel}","templated":true}]}}