{"id":1293,"date":"2017-05-03T17:39:00","date_gmt":"2017-05-03T17:39:00","guid":{"rendered":"http:\/\/www.cudecoop.coop\/cudecoop\/?p=1293"},"modified":"2017-05-03T17:39:00","modified_gmt":"2017-05-03T17:39:00","slug":"proyecto-de-ley-de-la-economia-social-y-solidaria","status":"publish","type":"post","link":"http:\/\/www.cudecoop.coop\/cudecoop\/proyecto-de-ley-de-la-economia-social-y-solidaria\/","title":{"rendered":"Proyecto de Ley de la Econom\u00eda Social y Solidaria"},"content":{"rendered":"<p>DESAYUNO DE TRABAJO<br \/>\nMi\u00e9rcoles 10 de Mayo, 9 hs en la Sala de Conferencias del Edificio MERCOSUR.<\/p>\n<p>Consolidando al sector de la Econom\u00eda Social y avanzando en las alianzas, les invitamos a participar del desayuno de trabajo en el que se presentar\u00e1 el borrador del proyecto de ley sobre la econom\u00eda social y solidaria. <\/p>\n<p>Expone: Dr. Diego Moreno (Asesor del Instituto Nacional del Cooperativismo, INACOOP)<\/p>\n<p>Mi\u00e9rcoles 10 de Mayo &#8211; 9 hs<br \/>\nSala de Conferencias del Edificio MERCOSUR<\/p>\n<p>Calle Lu\u00eds Pedro Piera 1992 (Montevideo)<\/p>\n","protected":false},"excerpt":{"rendered":"<p>DESAYUNO DE TRABAJO<br \/>\nMi\u00e9rcoles 10 de Mayo, 9 hs en la Sala de Conferencias del Edificio MERCOSUR.<\/p>\n","protected":false},"author":1,"featured_media":1802,"comment_status":"closed","ping_status":"Open","sticky":false,"template":"","format":"standard","meta":{"_acf_changed":false,"ngg_post_thumbnail":0,"footnotes":""},"categories":[7],"tags":[],"class_list":["post-1293","post","type-post","status-publish","format-standard","has-post-thumbnail","hentry","category-cooperativas"],"acf":[],"_links":{"self":[{"href":"http:\/\/www.cudecoop.coop\/cudecoop\/wp-json\/wp\/v2\/posts\/1293","targetHints":{"allow":["GET"]}}],"collection":[{"href":"http:\/\/www.cudecoop.coop\/cudecoop\/wp-json\/wp\/v2\/posts"}],"about":[{"href":"http:\/\/www.cudecoop.coop\/cudecoop\/wp-json\/wp\/v2\/types\/post"}],"author":[{"embeddable":true,"href":"http:\/\/www.cudecoop.coop\/cudecoop\/wp-json\/wp\/v2\/users\/1"}],"replies":[{"embeddable":true,"href":"http:\/\/www.cudecoop.coop\/cudecoop\/wp-json\/wp\/v2\/comments?post=1293"}],"version-history":[{"count":0,"href":"http:\/\/www.cudecoop.coop\/cudecoop\/wp-json\/wp\/v2\/posts\/1293\/revisions"}],"wp:featuredmedia":[{"embeddable":true,"href":"http:\/\/www.cudecoop.coop\/cudecoop\/wp-json\/wp\/v2\/media\/1802"}],"wp:attachment":[{"href":"http:\/\/www.cudecoop.coop\/cudecoop\/wp-json\/wp\/v2\/media?parent=1293"}],"wp:term":[{"taxonomy":"category","embeddable":true,"href":"http:\/\/www.cudecoop.coop\/cudecoop\/wp-json\/wp\/v2\/categories?post=1293"},{"taxonomy":"post_tag","embeddable":true,"href":"http:\/\/www.cudecoop.coop\/cudecoop\/wp-json\/wp\/v2\/tags?post=1293"}],"curies":[{"name":"wp","href":"https:\/\/api.w.org\/{rel}","templated":true}]}}