{"id":1292,"date":"2017-04-28T09:48:00","date_gmt":"2017-04-28T09:48:00","guid":{"rendered":"http:\/\/www.cudecoop.coop\/cudecoop\/?p=1292"},"modified":"2017-04-28T09:48:00","modified_gmt":"2017-04-28T09:48:00","slug":"1-de-mayo","status":"publish","type":"post","link":"http:\/\/www.cudecoop.coop\/cudecoop\/1-de-mayo\/","title":{"rendered":"1\u00b0 de MAYO"},"content":{"rendered":"<p>La Confederaci\u00f3n Uruguaya de Entidades Cooperativas saludamos a las trabajadoras y a los trabajadores en su d\u00eda.<\/p>\n<p>En la compleja coyuntura que atraviesa el mundo, signada por la mayor concentraci\u00f3n<br \/>\necon\u00f3mica jam\u00e1s vista en la historia, las cooperativas uruguayas retomamos las<br \/>\npalabras de la Declaraci\u00f3n de la IV Cumbre Cooperativa de las Am\u00e9ricas,<br \/>\nrealizada el pasado a\u00f1o en nuestro pa\u00eds: <b>&#8220;no habr\u00e1 desarrollo que sea efectivamente<br \/>\nsostenible si no es tambi\u00e9n profundamente democr\u00e1tico.&#8221; <\/b><\/p>\n<p>Las cooperativas, hist\u00f3ricos instrumentos de trabajadoras y trabajadores, entendemos<br \/>\nque esta democratizaci\u00f3n amplia de la sociedad, la pol\u00edtica y la econom\u00eda, ser\u00e1 m\u00e1s<br \/>\nasequible en la medida que haya mayor presencia de organizaciones cooperativas<br \/>\ny otras formas de econom\u00eda social. Para lograr este objetivo es necesario construir<br \/>\nalianzas amplias<b> &#8220;con otras entidades de la sociedad civil organizada, movimientos sociales, universidades y el Estado.&#8221;<\/b><\/p>\n<p>El terreno por conquistar es inmenso. Como nuestros valores y principios mandan,<br \/>\ns\u00f3lo ser\u00e1 posible hacerlo con solidaridad y ayuda mutua.<\/p>\n","protected":false},"excerpt":{"rendered":"<p>La Confederaci\u00f3n Uruguaya de Entidades Cooperativas saludamos a las trabajadoras y a los trabajadores en su d\u00eda.<\/p>\n","protected":false},"author":1,"featured_media":0,"comment_status":"closed","ping_status":"Open","sticky":false,"template":"","format":"standard","meta":{"_acf_changed":false,"ngg_post_thumbnail":0,"footnotes":""},"categories":[7],"tags":[],"class_list":["post-1292","post","type-post","status-publish","format-standard","hentry","category-cooperativas"],"acf":[],"_links":{"self":[{"href":"http:\/\/www.cudecoop.coop\/cudecoop\/wp-json\/wp\/v2\/posts\/1292","targetHints":{"allow":["GET"]}}],"collection":[{"href":"http:\/\/www.cudecoop.coop\/cudecoop\/wp-json\/wp\/v2\/posts"}],"about":[{"href":"http:\/\/www.cudecoop.coop\/cudecoop\/wp-json\/wp\/v2\/types\/post"}],"author":[{"embeddable":true,"href":"http:\/\/www.cudecoop.coop\/cudecoop\/wp-json\/wp\/v2\/users\/1"}],"replies":[{"embeddable":true,"href":"http:\/\/www.cudecoop.coop\/cudecoop\/wp-json\/wp\/v2\/comments?post=1292"}],"version-history":[{"count":0,"href":"http:\/\/www.cudecoop.coop\/cudecoop\/wp-json\/wp\/v2\/posts\/1292\/revisions"}],"wp:attachment":[{"href":"http:\/\/www.cudecoop.coop\/cudecoop\/wp-json\/wp\/v2\/media?parent=1292"}],"wp:term":[{"taxonomy":"category","embeddable":true,"href":"http:\/\/www.cudecoop.coop\/cudecoop\/wp-json\/wp\/v2\/categories?post=1292"},{"taxonomy":"post_tag","embeddable":true,"href":"http:\/\/www.cudecoop.coop\/cudecoop\/wp-json\/wp\/v2\/tags?post=1292"}],"curies":[{"name":"wp","href":"https:\/\/api.w.org\/{rel}","templated":true}]}}