{"id":1291,"date":"2017-04-27T12:43:00","date_gmt":"2017-04-27T12:43:00","guid":{"rendered":"http:\/\/www.cudecoop.coop\/cudecoop\/?p=1291"},"modified":"2017-04-27T12:43:00","modified_gmt":"2017-04-27T12:43:00","slug":"comenzo-el-diplomado-en-gestion-cooperativa-2017","status":"publish","type":"post","link":"http:\/\/www.cudecoop.coop\/cudecoop\/comenzo-el-diplomado-en-gestion-cooperativa-2017\/","title":{"rendered":"Comenz\u00f3 el Diplomado en Gesti\u00f3n Cooperativa 2017"},"content":{"rendered":"<p>El martes 25 de abril, se dio comienzo a la 5ta edici\u00f3n de la Especializaci\u00f3n en Gesti\u00f3n Cooperativa.<\/p>\n<p>Alrededor de 40 alumnos comienzan a cursar este a\u00f1o la \u00fanica Especializaci\u00f3n en Gesti\u00f3n Cooperativa que se brinda en el pa\u00eds.<br \/>\nSe prev\u00e9 que el primer encuentro presencial se realice el pr\u00f3ximo 9 de mayo en instalaciones de la Facultad de Ciencias Econ\u00f3micas y de Adminsitraci\u00f3n de la Universidad de la Rep\u00fablica.<\/p>\n","protected":false},"excerpt":{"rendered":"<p>El martes 25 de abril, se dio comienzo a la 5ta edici\u00f3n de la Especializaci\u00f3n en Gesti\u00f3n Cooperativa.<\/p>\n","protected":false},"author":1,"featured_media":0,"comment_status":"closed","ping_status":"Open","sticky":false,"template":"","format":"standard","meta":{"_acf_changed":false,"ngg_post_thumbnail":0,"footnotes":""},"categories":[7],"tags":[],"class_list":["post-1291","post","type-post","status-publish","format-standard","hentry","category-cooperativas"],"acf":[],"_links":{"self":[{"href":"http:\/\/www.cudecoop.coop\/cudecoop\/wp-json\/wp\/v2\/posts\/1291","targetHints":{"allow":["GET"]}}],"collection":[{"href":"http:\/\/www.cudecoop.coop\/cudecoop\/wp-json\/wp\/v2\/posts"}],"about":[{"href":"http:\/\/www.cudecoop.coop\/cudecoop\/wp-json\/wp\/v2\/types\/post"}],"author":[{"embeddable":true,"href":"http:\/\/www.cudecoop.coop\/cudecoop\/wp-json\/wp\/v2\/users\/1"}],"replies":[{"embeddable":true,"href":"http:\/\/www.cudecoop.coop\/cudecoop\/wp-json\/wp\/v2\/comments?post=1291"}],"version-history":[{"count":0,"href":"http:\/\/www.cudecoop.coop\/cudecoop\/wp-json\/wp\/v2\/posts\/1291\/revisions"}],"wp:attachment":[{"href":"http:\/\/www.cudecoop.coop\/cudecoop\/wp-json\/wp\/v2\/media?parent=1291"}],"wp:term":[{"taxonomy":"category","embeddable":true,"href":"http:\/\/www.cudecoop.coop\/cudecoop\/wp-json\/wp\/v2\/categories?post=1291"},{"taxonomy":"post_tag","embeddable":true,"href":"http:\/\/www.cudecoop.coop\/cudecoop\/wp-json\/wp\/v2\/tags?post=1291"}],"curies":[{"name":"wp","href":"https:\/\/api.w.org\/{rel}","templated":true}]}}