{"id":1289,"date":"2017-04-26T18:37:00","date_gmt":"2017-04-26T18:37:00","guid":{"rendered":"http:\/\/www.cudecoop.coop\/cudecoop\/?p=1289"},"modified":"2017-04-26T18:37:00","modified_gmt":"2017-04-26T18:37:00","slug":"agenda-ods-cooperativismo-y-economia-social-desafios-para-la-igualdad-de-genero","status":"publish","type":"post","link":"http:\/\/www.cudecoop.coop\/cudecoop\/agenda-ods-cooperativismo-y-economia-social-desafios-para-la-igualdad-de-genero\/","title":{"rendered":"Agenda ODS, cooperativismo y econom\u00eda social: Desaf\u00edos para la igualdad de G\u00e9nero"},"content":{"rendered":"<p>Un encuentro convocado por la Confederaci\u00f3n Uruguaya de Entidades Cooperativas, se desarroll\u00f3 el 26 de abril, junto al Programa de las Naciones Unidas para el Desarrollo en Uruguay.<\/p>\n<p><b>Participaron como oradoras la Dra. Graciela Fern\u00e1ndez, CUDECOOP, Denise Cook, Coordinadora Residente de la ONU en Uruguay, A. S. Mariella Mazzotti, directora de InMujeres, Psic. Soc. Mariela Fodde, Directora DINESIL \u009d Mides, Doc. Claudia De Lisio, por INACOOP. Tambi\u00e9n estuvo presente la Dra. Marta Posada por la Auditor\u00eda Interna de la Naci\u00f3n, AIN, quien se puso a disposici\u00f3n para pr\u00f3ximos encuentros. Participaron m\u00e1s de 30 personas, entre ellas representantes de todas las clases cooperativas, de las Intendencias de Montevideo y Canelones, y del Consejo Nacional de G\u00e9nero. <\/b><\/p>\n<p>Graciela Fern\u00e1ndez realiz\u00f3 la apertura del encuentro indicando que desde CUDECOOP se consideraba necesario tener este intercambio entre \u009del movimiento cooperativo y el Programa de Naciones Unidas, con todas las organizaciones que desde el Estado est\u00e1n trabajando fuertemente en este tema y con los representantes del cooperativismo, ya que en virtud de lo trabajado en la IV Cumbre Cooperativa de las Am\u00e9ricas, Noviembre 2016 se marc\u00f3 un hito pol\u00edtico para el cooperativismo al lograr reunir en Montevideo la representaci\u00f3n de 1250 delegados del cooperativismo de todas las Am\u00e9ricas y representantes internacionales Italia, Holanda, Francia, Luxemburgo que vinieron adem\u00e1s a acompa\u00f1ar en el Congreso de Derecho Cooperativo.\u009d Resalt\u00f3 que la Cumbre dej\u00f3 deberes para el Movimiento y que \u009dentre los esjes, hubo uno que tuvo una resonancia muy importante que fue el de los Objetivos del Desarrollo Sostenible, nosotros creemos que estos Objetivos atraviesan todo lo que atraviesa todas las expectativas para una econom\u00eda social y solidaria, para lograr la igualdad y equidad de g\u00e9nero sin lugar a dudas, est\u00e1n representados en la agenda 2030 del Programa de las Naciones Unidas.\u009d Se\u00f1al\u00f3 que a partir del encuentro del noviembre de 2016 el Comit\u00e9 de G\u00e9nero de Cooperativas de las Am\u00e9ricas ha tenido un trabajo importante en el cual dej\u00f3 pautas, entre ellas: generar alianzas con las organizaciones de la sociedad civil, con las organizaciones del Estado, y sin lugar a duda dentro del movimiento cooperativo y al intercooperaci\u00f3n\u009d<\/p>\n<p>Demostr\u00f3 su preocupaci\u00f3n en la poca respuesta generada en el \u00e1rea del Parlamente \u009dNo hemos tenido un eco importante en los parlamentarios, el movimiento cooperativo no tuvo el resultado esperado con los parlamentarios en la Cumbre.  En la reuni\u00f3n (de Parlamentarios) celebrada en la Cumbre, la presencia de los mismos fue escaza, tanto los nacionales como los del resto de Am\u00e9rica, lo que marca una debilidad el poder tener un di\u00e1logo con los ellos.\u009d <\/p>\n<p>Enfatiz\u00f3 en que se debe profundizar el trabajo de modificaci\u00f3n de la ley 18.407, parte de este trabajo es introducir en la misma fuertemente los aspectos de g\u00e9nero.<\/p>\n<p>Por otro lado, Denise Cook se\u00f1al\u00f3 que hay 250 millones de personas a nivel mundial que trabajan en actividades cooperativas, directa o indirectamente. Se\u00f1al\u00f3 que el cooperativismo es un actor clave, el 12% de los empleos en los pa\u00edses del G20 son dados en formato cooperativo, en Uruguay el cooperativismo tambi\u00e9n tiene un peso importante, sobre todo en el agro. <\/p>\n<p>Destac\u00f3 el v\u00ednculo del cooperativismo con los ODS, fundamentalmente en la Creaci\u00f3n de empleo y facilidades para el emprendimiento, que los empleos sean de calidad y la protecci\u00f3n de los derechos de trabajadores y trabajadoras. Si bien en Uruguay es un \u00e1rea muy desarrollada, en otros pa\u00edses no tanto. Las alianzas son tambi\u00e9n parte importante, las movilizaciones e intercambio de la capacidad t\u00e9cnica.<br \/>\nEnfatiz\u00f3 en la extraordinaria eficacia del modelo de cooperativas para ofrecer a las mujeres una manera digna de salir de la pobreza y con frecuencia de escapar de la violencia y del abuso.<\/p>\n","protected":false},"excerpt":{"rendered":"<p>Un encuentro convocado por la Confederaci\u00f3n Uruguaya de Entidades Cooperativas, se desarroll\u00f3 el 26 de abril, junto al Programa de las Naciones Unidas para el Desarrollo en Uruguay.<\/p>\n","protected":false},"author":1,"featured_media":1800,"comment_status":"closed","ping_status":"Open","sticky":false,"template":"","format":"standard","meta":{"_acf_changed":false,"ngg_post_thumbnail":0,"footnotes":""},"categories":[7],"tags":[],"class_list":["post-1289","post","type-post","status-publish","format-standard","has-post-thumbnail","hentry","category-cooperativas"],"acf":[],"_links":{"self":[{"href":"http:\/\/www.cudecoop.coop\/cudecoop\/wp-json\/wp\/v2\/posts\/1289","targetHints":{"allow":["GET"]}}],"collection":[{"href":"http:\/\/www.cudecoop.coop\/cudecoop\/wp-json\/wp\/v2\/posts"}],"about":[{"href":"http:\/\/www.cudecoop.coop\/cudecoop\/wp-json\/wp\/v2\/types\/post"}],"author":[{"embeddable":true,"href":"http:\/\/www.cudecoop.coop\/cudecoop\/wp-json\/wp\/v2\/users\/1"}],"replies":[{"embeddable":true,"href":"http:\/\/www.cudecoop.coop\/cudecoop\/wp-json\/wp\/v2\/comments?post=1289"}],"version-history":[{"count":0,"href":"http:\/\/www.cudecoop.coop\/cudecoop\/wp-json\/wp\/v2\/posts\/1289\/revisions"}],"wp:featuredmedia":[{"embeddable":true,"href":"http:\/\/www.cudecoop.coop\/cudecoop\/wp-json\/wp\/v2\/media\/1800"}],"wp:attachment":[{"href":"http:\/\/www.cudecoop.coop\/cudecoop\/wp-json\/wp\/v2\/media?parent=1289"}],"wp:term":[{"taxonomy":"category","embeddable":true,"href":"http:\/\/www.cudecoop.coop\/cudecoop\/wp-json\/wp\/v2\/categories?post=1289"},{"taxonomy":"post_tag","embeddable":true,"href":"http:\/\/www.cudecoop.coop\/cudecoop\/wp-json\/wp\/v2\/tags?post=1289"}],"curies":[{"name":"wp","href":"https:\/\/api.w.org\/{rel}","templated":true}]}}