{"id":1288,"date":"2017-04-24T14:30:00","date_gmt":"2017-04-24T14:30:00","guid":{"rendered":"http:\/\/www.cudecoop.coop\/cudecoop\/?p=1288"},"modified":"2017-04-24T14:30:00","modified_gmt":"2017-04-24T14:30:00","slug":"presentacion-del-programa-de-formacion-cooperativa-prcoop","status":"publish","type":"post","link":"http:\/\/www.cudecoop.coop\/cudecoop\/presentacion-del-programa-de-formacion-cooperativa-prcoop\/","title":{"rendered":"Presentaci\u00f3n del Programa de Formaci\u00f3n Cooperativa &#8211; PRCOOP &#8211;"},"content":{"rendered":"<p>El martes 25 y mi\u00e9rcoles 26 de abril, se realizaron las presentaciones en Maldonado y Canelones. El pr\u00f3ximo 11 y 12 de mayo las presentaciones ser\u00e1n en Paysand\u00fa y en Salto.<\/p>\n<p>El d\u00eda martes 25 de abril la presentaci\u00f3n se realiz\u00f3 en <b>Canelones <\/b>a la hora 19 h. en el espacio fue brindado por la Mesa Intercooperativa del departamento, en el departamento de <b>Maldonado<\/b>, el encuentro fue el d\u00eda mi\u00e9rcoles 26 de abril a la hora 19, tambi\u00e9n en el espacio brindado por a Mesa del departamento. Ambos encuentros contaron con la presencia de autoridades institucionales de CUDECOOP e INACOOP. <\/p>\n<p>El Programa de Formaci\u00f3n Cooperativa, PROCOOP, tambi\u00e9n fue presentado en la Federaci\u00f3n de Cooperativas de Producci\u00f3n, FCPU y en la C\u00e1mara Uruguaya de Cooperativas de Ahorro y Cr\u00e9dito de Capitalizaci\u00f3n, CUCACC.<\/p>\n<p>Se espera que pr\u00f3ximamente se presente en el resto de las Mesas Intercooperativas del pa\u00eds as\u00ed como en Federaciones, las fechas confirmadas son el 11 de mayo en Paysand\u00fa y el 12 en Salto.<\/p>\n","protected":false},"excerpt":{"rendered":"<p>El martes 25 y mi\u00e9rcoles 26 de abril, se realizaron las presentaciones en Maldonado y Canelones. El pr\u00f3ximo 11 y 12 de mayo las presentaciones ser\u00e1n en Paysand\u00fa y en Salto.<\/p>\n","protected":false},"author":1,"featured_media":1744,"comment_status":"closed","ping_status":"Open","sticky":false,"template":"","format":"standard","meta":{"_acf_changed":false,"ngg_post_thumbnail":0,"footnotes":""},"categories":[7],"tags":[],"class_list":["post-1288","post","type-post","status-publish","format-standard","has-post-thumbnail","hentry","category-cooperativas"],"acf":[],"_links":{"self":[{"href":"http:\/\/www.cudecoop.coop\/cudecoop\/wp-json\/wp\/v2\/posts\/1288","targetHints":{"allow":["GET"]}}],"collection":[{"href":"http:\/\/www.cudecoop.coop\/cudecoop\/wp-json\/wp\/v2\/posts"}],"about":[{"href":"http:\/\/www.cudecoop.coop\/cudecoop\/wp-json\/wp\/v2\/types\/post"}],"author":[{"embeddable":true,"href":"http:\/\/www.cudecoop.coop\/cudecoop\/wp-json\/wp\/v2\/users\/1"}],"replies":[{"embeddable":true,"href":"http:\/\/www.cudecoop.coop\/cudecoop\/wp-json\/wp\/v2\/comments?post=1288"}],"version-history":[{"count":0,"href":"http:\/\/www.cudecoop.coop\/cudecoop\/wp-json\/wp\/v2\/posts\/1288\/revisions"}],"wp:featuredmedia":[{"embeddable":true,"href":"http:\/\/www.cudecoop.coop\/cudecoop\/wp-json\/wp\/v2\/media\/1744"}],"wp:attachment":[{"href":"http:\/\/www.cudecoop.coop\/cudecoop\/wp-json\/wp\/v2\/media?parent=1288"}],"wp:term":[{"taxonomy":"category","embeddable":true,"href":"http:\/\/www.cudecoop.coop\/cudecoop\/wp-json\/wp\/v2\/categories?post=1288"},{"taxonomy":"post_tag","embeddable":true,"href":"http:\/\/www.cudecoop.coop\/cudecoop\/wp-json\/wp\/v2\/tags?post=1288"}],"curies":[{"name":"wp","href":"https:\/\/api.w.org\/{rel}","templated":true}]}}