{"id":1286,"date":"2017-04-05T14:24:00","date_gmt":"2017-04-05T14:24:00","guid":{"rendered":"http:\/\/www.cudecoop.coop\/cudecoop\/?p=1286"},"modified":"2017-04-05T14:24:00","modified_gmt":"2017-04-05T14:24:00","slug":"consejo-directivo-y-planificacion-estrategica-institucional","status":"publish","type":"post","link":"http:\/\/www.cudecoop.coop\/cudecoop\/consejo-directivo-y-planificacion-estrategica-institucional\/","title":{"rendered":"Consejo Directivo y Planificaci\u00f3n estrat\u00e9gica institucional"},"content":{"rendered":"<p>El d\u00eda martes 4 de abril, en horas de la tarde, en el marco del Consejo Directivo del mes de abril, se realiz\u00f3 la definici\u00f3n de metas estrat\u00e9gicas para la planificaci\u00f3n institucional de CUDECOOP del per\u00edodo 2017-2018.<\/p>\n<p>Participaron del proceso de planificaci\u00f3n, los consejeros titulares y suplentes, los integrantes de la Comisi\u00f3n Fiscal y los delegados de la Confederaci\u00f3n a los institutos (INACOOP,  INEFOP, FONDES-INACOOP). Tambi\u00e9n hubo representantes de la Comisi\u00f3n de G\u00e9nero y de Comercio Justo Uruguay.<\/p>\n<p>La consigna fue trabajar sobre las dimensiones de la planificaci\u00f3n elaborando metas estrat\u00e9gicas dentro de las mismas. Las dimensiones planteadas en la planificaci\u00f3n son las siguientes:<br \/>\n<b>Representaci\u00f3n gremial, Gesti\u00f3n de la pol\u00edtica p\u00fablica, Gobernanza del movimiento y gesti\u00f3n de la Confederaci\u00f3n, Desarrollo cooperativo, Comunicaci\u00f3n, identidad y visibilidad p\u00fablica.<\/b><\/p>\n<p>Desde diciembre pasado se viene trabajando en la evaluaci\u00f3n de la Planificaci\u00f3n del per\u00edodo 2015-2016, se realiz\u00f3 tambi\u00e9n un an\u00e1lisis de coyuntura y prospectiva socio-econ\u00f3mica y pol\u00edtico-institucional, adem\u00e1s de una revisi\u00f3n del marco \u00e9tico-deontol\u00f3gico, el cual se mantuvo sin alteraciones, todo esto como insumo a la jornada de planificaci\u00f3n, la cual concluy\u00f3 exitosamente.<\/p>\n<p>Se espera que el pr\u00f3ximo 2 de mayo se apruebe la planificaci\u00f3n en el siguiente Consejo Directivo.<\/p>\n","protected":false},"excerpt":{"rendered":"<p>El d\u00eda martes 4 de abril, en horas de la tarde, en el marco del Consejo Directivo del mes de abril, se realiz\u00f3 la definici\u00f3n de metas estrat\u00e9gicas para la planificaci\u00f3n institucional de CUDECOOP del per\u00edodo 2017-2018.<\/p>\n","protected":false},"author":1,"featured_media":0,"comment_status":"closed","ping_status":"Open","sticky":false,"template":"","format":"standard","meta":{"_acf_changed":false,"ngg_post_thumbnail":0,"footnotes":""},"categories":[7],"tags":[],"class_list":["post-1286","post","type-post","status-publish","format-standard","hentry","category-cooperativas"],"acf":[],"_links":{"self":[{"href":"http:\/\/www.cudecoop.coop\/cudecoop\/wp-json\/wp\/v2\/posts\/1286","targetHints":{"allow":["GET"]}}],"collection":[{"href":"http:\/\/www.cudecoop.coop\/cudecoop\/wp-json\/wp\/v2\/posts"}],"about":[{"href":"http:\/\/www.cudecoop.coop\/cudecoop\/wp-json\/wp\/v2\/types\/post"}],"author":[{"embeddable":true,"href":"http:\/\/www.cudecoop.coop\/cudecoop\/wp-json\/wp\/v2\/users\/1"}],"replies":[{"embeddable":true,"href":"http:\/\/www.cudecoop.coop\/cudecoop\/wp-json\/wp\/v2\/comments?post=1286"}],"version-history":[{"count":0,"href":"http:\/\/www.cudecoop.coop\/cudecoop\/wp-json\/wp\/v2\/posts\/1286\/revisions"}],"wp:attachment":[{"href":"http:\/\/www.cudecoop.coop\/cudecoop\/wp-json\/wp\/v2\/media?parent=1286"}],"wp:term":[{"taxonomy":"category","embeddable":true,"href":"http:\/\/www.cudecoop.coop\/cudecoop\/wp-json\/wp\/v2\/categories?post=1286"},{"taxonomy":"post_tag","embeddable":true,"href":"http:\/\/www.cudecoop.coop\/cudecoop\/wp-json\/wp\/v2\/tags?post=1286"}],"curies":[{"name":"wp","href":"https:\/\/api.w.org\/{rel}","templated":true}]}}