{"id":1285,"date":"2017-03-17T16:37:00","date_gmt":"2017-03-17T16:37:00","guid":{"rendered":"http:\/\/www.cudecoop.coop\/cudecoop\/?p=1285"},"modified":"2017-03-17T16:37:00","modified_gmt":"2017-03-17T16:37:00","slug":"incubacoop-en-colonia","status":"publish","type":"post","link":"http:\/\/www.cudecoop.coop\/cudecoop\/incubacoop-en-colonia\/","title":{"rendered":"Incubacoop en Colonia"},"content":{"rendered":"<p>Jornada de intercambio entre cooperativistas, equipos incubados por Incubacoop, tutores y representantes del MIEM, INACOOP y CUDECOOP se realiz\u00f3 el jueves 16 de marzo en el departamento de Colonia.<\/p>\n<p>El evento tuvo lugar en la cooperativa Colaveco en la ciudad de Nueva Helvecia y cont\u00f3 con una amplia participaci\u00f3n de cooperativistas de la zona.<\/p>\n<p>Los representantes del Comit\u00e9 de Seguimiento de INCUBACOOP se mostraron satisfechos por la convocatoria y apelaron a una mayor intercooperaci\u00f3n para lograr el \u00e9xito.<\/p>\n<p>Cada grupo incubado realiz\u00f3 una presentaci\u00f3n de sus proyectos logrando captar la atenci\u00f3n de los presentes, generando empat\u00eda entre los asistentes. Tambi\u00e9n hubo una instancia de intercambio con cooperativas que llevan muchos a\u00f1os de actividad como es el caso de Colol\u00f3, Cintepa o Fomento Colonia Suiza, entre otras.<\/p>\n<p>El gerente de Incubacoop, Alfredo Belo, oficializ\u00f3 como moderador y agradeci\u00f3 la excelente concurrencia de los cooperativistas. Aprovech\u00f3 la instancia para anunciar la apertura del segundo llamado para la formaci\u00f3n de cooperativas de base tecnol\u00f3gica, que estar\u00e1 vigente hasta el 30 de abril de este a\u00f1o.<\/p>\n<p>Despu\u00e9s de las presentaciones se realiz\u00f3 un recorrido por el laboratorio de Colaveco, donde se pudo apreciar los distintos procesos de an\u00e1lisis que all\u00ed se realizan.<\/p>\n<p>Un almuerzo de camarader\u00eda cerr\u00f3 la actividad que concluy\u00f3 en un ambiente de cooperaci\u00f3n y di\u00e1logo.<\/p>\n","protected":false},"excerpt":{"rendered":"<p>Jornada de intercambio entre cooperativistas, equipos incubados por Incubacoop, tutores y representantes del MIEM, INACOOP y CUDECOOP se realiz\u00f3 el jueves 16 de marzo en el departamento de Colonia.<\/p>\n","protected":false},"author":1,"featured_media":1743,"comment_status":"closed","ping_status":"Open","sticky":false,"template":"","format":"standard","meta":{"_acf_changed":false,"ngg_post_thumbnail":0,"footnotes":""},"categories":[7],"tags":[],"class_list":["post-1285","post","type-post","status-publish","format-standard","has-post-thumbnail","hentry","category-cooperativas"],"acf":[],"_links":{"self":[{"href":"http:\/\/www.cudecoop.coop\/cudecoop\/wp-json\/wp\/v2\/posts\/1285","targetHints":{"allow":["GET"]}}],"collection":[{"href":"http:\/\/www.cudecoop.coop\/cudecoop\/wp-json\/wp\/v2\/posts"}],"about":[{"href":"http:\/\/www.cudecoop.coop\/cudecoop\/wp-json\/wp\/v2\/types\/post"}],"author":[{"embeddable":true,"href":"http:\/\/www.cudecoop.coop\/cudecoop\/wp-json\/wp\/v2\/users\/1"}],"replies":[{"embeddable":true,"href":"http:\/\/www.cudecoop.coop\/cudecoop\/wp-json\/wp\/v2\/comments?post=1285"}],"version-history":[{"count":0,"href":"http:\/\/www.cudecoop.coop\/cudecoop\/wp-json\/wp\/v2\/posts\/1285\/revisions"}],"wp:featuredmedia":[{"embeddable":true,"href":"http:\/\/www.cudecoop.coop\/cudecoop\/wp-json\/wp\/v2\/media\/1743"}],"wp:attachment":[{"href":"http:\/\/www.cudecoop.coop\/cudecoop\/wp-json\/wp\/v2\/media?parent=1285"}],"wp:term":[{"taxonomy":"category","embeddable":true,"href":"http:\/\/www.cudecoop.coop\/cudecoop\/wp-json\/wp\/v2\/categories?post=1285"},{"taxonomy":"post_tag","embeddable":true,"href":"http:\/\/www.cudecoop.coop\/cudecoop\/wp-json\/wp\/v2\/tags?post=1285"}],"curies":[{"name":"wp","href":"https:\/\/api.w.org\/{rel}","templated":true}]}}