{"id":1283,"date":"2017-03-03T17:45:00","date_gmt":"2017-03-03T17:45:00","guid":{"rendered":"http:\/\/www.cudecoop.coop\/cudecoop\/?p=1283"},"modified":"2017-03-03T17:45:00","modified_gmt":"2017-03-03T17:45:00","slug":"desayuno-de-trabajo","status":"publish","type":"post","link":"http:\/\/www.cudecoop.coop\/cudecoop\/desayuno-de-trabajo\/","title":{"rendered":"DESAYUNO DE TRABAJO"},"content":{"rendered":"<p>SISTEMA NACIONAL DE TRANSFORMACI\u00d3N PRODUCTIVA Y COMPETITIVIDAD<br \/>\n\u201cNUEVOS DESAF\u00cdOS Y OPORTUNIDADES PARA EL MOVIMIENTO COOPERATIVO\u201d<\/p>\n<p>15 de marzo de 2017, 8.45 hs<\/p>\n<p>El pr\u00f3ximo mi\u00e9rcoles 15 de marzo a las 8.45 en instalaciones de COSAP se realizar\u00e1 el desayuno de trabajo que pretende abordar la tem\u00e1tica del Sistema Nacional de Transformaci\u00f3n Productiva y Competitividad, bajo el lema de los Nuevos desaf\u00edos y oportunidades para el movimiento cooperativo. <\/p>\n<p>Del mismo participaran como oradores el director de la Oficina de Planeamiento y Presupuesto (OPP), Cr. \u00c1lvaro Garc\u00eda, el presidente de la ANDE, Cr. \u00c1lvaro Ons, el presidente del INACOOP, Sr. Gustavo Bernini y la presidenta de CUDECOOP, Dra. Graciela Fern\u00e1ndez. <\/p>\n<p>Se adjunta el itinerario de la actividad.<\/p>\n","protected":false},"excerpt":{"rendered":"<p>SISTEMA NACIONAL DE TRANSFORMACI\u00d3N PRODUCTIVA Y COMPETITIVIDAD<br \/>\n\u201cNUEVOS DESAF\u00cdOS Y OPORTUNIDADES PARA EL MOVIMIENTO COOPERATIVO\u201d<\/p>\n<p>15 de marzo de 2017, 8.45 hs<\/p>\n","protected":false},"author":1,"featured_media":1798,"comment_status":"closed","ping_status":"Open","sticky":false,"template":"","format":"standard","meta":{"_acf_changed":false,"ngg_post_thumbnail":0,"footnotes":""},"categories":[7],"tags":[],"class_list":["post-1283","post","type-post","status-publish","format-standard","has-post-thumbnail","hentry","category-cooperativas"],"acf":[],"_links":{"self":[{"href":"http:\/\/www.cudecoop.coop\/cudecoop\/wp-json\/wp\/v2\/posts\/1283","targetHints":{"allow":["GET"]}}],"collection":[{"href":"http:\/\/www.cudecoop.coop\/cudecoop\/wp-json\/wp\/v2\/posts"}],"about":[{"href":"http:\/\/www.cudecoop.coop\/cudecoop\/wp-json\/wp\/v2\/types\/post"}],"author":[{"embeddable":true,"href":"http:\/\/www.cudecoop.coop\/cudecoop\/wp-json\/wp\/v2\/users\/1"}],"replies":[{"embeddable":true,"href":"http:\/\/www.cudecoop.coop\/cudecoop\/wp-json\/wp\/v2\/comments?post=1283"}],"version-history":[{"count":0,"href":"http:\/\/www.cudecoop.coop\/cudecoop\/wp-json\/wp\/v2\/posts\/1283\/revisions"}],"wp:featuredmedia":[{"embeddable":true,"href":"http:\/\/www.cudecoop.coop\/cudecoop\/wp-json\/wp\/v2\/media\/1798"}],"wp:attachment":[{"href":"http:\/\/www.cudecoop.coop\/cudecoop\/wp-json\/wp\/v2\/media?parent=1283"}],"wp:term":[{"taxonomy":"category","embeddable":true,"href":"http:\/\/www.cudecoop.coop\/cudecoop\/wp-json\/wp\/v2\/categories?post=1283"},{"taxonomy":"post_tag","embeddable":true,"href":"http:\/\/www.cudecoop.coop\/cudecoop\/wp-json\/wp\/v2\/tags?post=1283"}],"curies":[{"name":"wp","href":"https:\/\/api.w.org\/{rel}","templated":true}]}}