{"id":1282,"date":"2017-03-02T18:05:00","date_gmt":"2017-03-02T18:05:00","guid":{"rendered":"http:\/\/www.cudecoop.coop\/cudecoop\/?p=1282"},"modified":"2017-03-02T18:05:00","modified_gmt":"2017-03-02T18:05:00","slug":"por-un-cooperativismo-libre-de-violencia","status":"publish","type":"post","link":"http:\/\/www.cudecoop.coop\/cudecoop\/por-un-cooperativismo-libre-de-violencia\/","title":{"rendered":"Por un cooperativismo libre de violencia"},"content":{"rendered":"<p>El movimiento cooperativo uruguayo se une a la movilizaci\u00f3n que impulsan los movimientos sociales que trabajan por la igualdad de g\u00e9nero, UN D\u00cdA SIN MUJERES, en el que se promueve un paro de mujeres en la jornada del 8 de marzo.<\/p>\n<p>Entendemos la importancia que presenta nuestra pronunciaci\u00f3n como movimiento social que contiene sus principios y valores, que aluden al respeto de los derechos y desarrollo de las personas en todos los aspectos de la vida. Por esto es necesario no quedarnos en el discurso y que esta movilizaci\u00f3n tenga un efecto real en las condiciones y vida de las mujeres. En Uruguay un 70% de las mismas han sufrido alg\u00fan tipo de violencia en sus vidas, y el modelo cooperativo no es ajeno a esta realidad. <\/p>\n<p>Este paro de mujeres previsto para el 8 de marzo busca atacar al estereotipo sexista para subsanar la desigualdad vinculada con el g\u00e9nero. La violencia simb\u00f3lica que se denuncia hace reflexionar en los aspectos en que las mujeres son perjudicadas por el solo hecho de serlo: las diferencias salariales, las tareas de cuidados asignadas \u009dnaturalmente\u009d y no reconocidas como trabajo, la violencia f\u00edsica que en el extremo concluye con la muerte (femicidio), la explotaci\u00f3n sexual de ni\u00f1as y mujeres, la poca presencia en cargos de toma de decisi\u00f3n, todos hechos que concluyen en la vulneraci\u00f3n de la mujer.<\/p>\n<p>Aludiendo a esta problem\u00e1tica los Objetivos del Desarrollo Sostenible (del Programa de las Naciones Unidas para el Desarrollo, PNUD) promueven como quinto objetivo la Igualdad de G\u00e9nero. En el mismo se busca como meta fundamental garantizar a la mujer derechos igualitarios. \u009dHoy m\u00e1s mujeres que nunca ocupan cargos p\u00fablicos, pero alentar a m\u00e1s mujeres para que se conviertan en l\u00edderes en todas las regiones ayudar\u00e1 a fortalecer las pol\u00edticas y las leyes orientadas a lograr una mayor igualdad entre los g\u00e9neros.\u009d Observemos al interior de nuestras cooperativas c\u00f3mo es la divisi\u00f3n de roles, cu\u00e1les son las tareas que realizan varones y mujeres, y qui\u00e9nes est\u00e1n en los espacios de toma de decisi\u00f3n. <\/p>\n<p>En esta l\u00ednea es que adherimos al mes de marzo pero trabajemos todos los d\u00edas para subsanar la alerta social que estamos transitando. Alentamos a las cooperativas a que se identifiquen con esta proclama, utilizando las im\u00e1genes en los lugares visibles de la cooperativa, donde se diga \u009dEsta es una cooperativa libre de violencia de g\u00e9nero&#8221;. Aqu\u00ed mismo se puede descargar la imagen.<\/p>\n","protected":false},"excerpt":{"rendered":"<p>El movimiento cooperativo uruguayo se une a la movilizaci\u00f3n que impulsan los movimientos sociales que trabajan por la igualdad de g\u00e9nero, UN D\u00cdA SIN MUJERES, en el que se promueve un paro de mujeres en la jornada del 8 de marzo.<\/p>\n","protected":false},"author":1,"featured_media":1742,"comment_status":"closed","ping_status":"Open","sticky":false,"template":"","format":"standard","meta":{"_acf_changed":false,"ngg_post_thumbnail":0,"footnotes":""},"categories":[7],"tags":[],"class_list":["post-1282","post","type-post","status-publish","format-standard","has-post-thumbnail","hentry","category-cooperativas"],"acf":[],"_links":{"self":[{"href":"http:\/\/www.cudecoop.coop\/cudecoop\/wp-json\/wp\/v2\/posts\/1282","targetHints":{"allow":["GET"]}}],"collection":[{"href":"http:\/\/www.cudecoop.coop\/cudecoop\/wp-json\/wp\/v2\/posts"}],"about":[{"href":"http:\/\/www.cudecoop.coop\/cudecoop\/wp-json\/wp\/v2\/types\/post"}],"author":[{"embeddable":true,"href":"http:\/\/www.cudecoop.coop\/cudecoop\/wp-json\/wp\/v2\/users\/1"}],"replies":[{"embeddable":true,"href":"http:\/\/www.cudecoop.coop\/cudecoop\/wp-json\/wp\/v2\/comments?post=1282"}],"version-history":[{"count":0,"href":"http:\/\/www.cudecoop.coop\/cudecoop\/wp-json\/wp\/v2\/posts\/1282\/revisions"}],"wp:featuredmedia":[{"embeddable":true,"href":"http:\/\/www.cudecoop.coop\/cudecoop\/wp-json\/wp\/v2\/media\/1742"}],"wp:attachment":[{"href":"http:\/\/www.cudecoop.coop\/cudecoop\/wp-json\/wp\/v2\/media?parent=1282"}],"wp:term":[{"taxonomy":"category","embeddable":true,"href":"http:\/\/www.cudecoop.coop\/cudecoop\/wp-json\/wp\/v2\/categories?post=1282"},{"taxonomy":"post_tag","embeddable":true,"href":"http:\/\/www.cudecoop.coop\/cudecoop\/wp-json\/wp\/v2\/tags?post=1282"}],"curies":[{"name":"wp","href":"https:\/\/api.w.org\/{rel}","templated":true}]}}