{"id":1280,"date":"2017-02-22T20:09:00","date_gmt":"2017-02-22T20:09:00","guid":{"rendered":"http:\/\/www.cudecoop.coop\/cudecoop\/?p=1280"},"modified":"2017-02-22T20:09:00","modified_gmt":"2017-02-22T20:09:00","slug":"gran-agradecimiento-al-movimiento-cooperativo-uruguayo","status":"publish","type":"post","link":"http:\/\/www.cudecoop.coop\/cudecoop\/gran-agradecimiento-al-movimiento-cooperativo-uruguayo\/","title":{"rendered":"Gran agradecimiento al movimiento cooperativo uruguayo"},"content":{"rendered":"<p>En el marco de la Reuni\u00f3n del Consejo de Administraci\u00f3n de Cooperativas de las Am\u00e9ricas, llevada a cabo en los d\u00edas 16 y 17 de febrero en Panam\u00e1, CUDECOOP recibi\u00f3 un gran reconocimiento de parte del Consejo de Administraci\u00f3n de Cooperativas de las Am\u00e9ricas por el \u00e9xito alcanzado en lo que fue la co-organizaci\u00f3n de la IV Cumbre Cooperativa de las Am\u00e9ricas el pasado noviembre en Montevideo.<\/p>\n<p>La Dra. Graciela Fern\u00e1ndez, presidenta de la Confederaci\u00f3n, se\u00f1al\u00f3 el enorme entusiasmo que gener\u00f3 el evento en Uruguay, el gran reconocimiento sobre el esfuerzo realizado por el Movimiento nacional, as\u00ed como el agradecimiento al INACOOP como uno de los apoyos m\u00e1s importantes al mismo.<\/p>\n<p>Durante el Consejo de Administraci\u00f3n tuvieron lugar varios Encuentros de los Comit\u00e9s Sectoriales y Tem\u00e1ticos, destac\u00e1ndose el evento de COFIA y la presentaci\u00f3n del Sr. Arana sobre el Riesgo Reputacional en el cooperativismo.<\/p>\n<p>Del evento sali\u00f3 una importante Declaraci\u00f3n &#8220;Ni muros, ni exclusi\u00f3n, y globalizaci\u00f3n financiera&#8221; se\u00f1alando la preocupaci\u00f3n del Movimiento Cooperativo de las Am\u00e9ricas sobre algunos procesos que se est\u00e1n dando en el continente, como el de la construcci\u00f3n del muro entre Estados Unidos y M\u00e9xico.<\/p>\n<p>Sobre las decisiones m\u00e1s relevantes se\u00f1ala que se pudo revertir la iniciativa de la direcci\u00f3n mundial de ACI de suprimir los \u00e1mbitos regionales y sectoriales, ya que adem\u00e1s del posicionamiento en contra de Cooperativas de las Am\u00e9ricas, se manifest\u00f3 en el mismo sentido Cooperatives Europe. En el CA de Cali se avanzar\u00eda hacia una nueva forma de organizaci\u00f3n del espacio continental con mayor autonom\u00eda.<\/p>\n","protected":false},"excerpt":{"rendered":"<p>En el marco de la Reuni\u00f3n del Consejo de Administraci\u00f3n de Cooperativas de las Am\u00e9ricas, llevada a cabo en los d\u00edas 16 y 17 de febrero en Panam\u00e1, CUDECOOP recibi\u00f3 un gran reconocimiento de parte del Consejo de Administraci\u00f3n de Cooperativas de las Am\u00e9ricas por el \u00e9xito alcanzado en lo que fue la co-organizaci\u00f3n de la IV Cumbre Cooperativa de las Am\u00e9ricas el pasado noviembre en Montevideo.<\/p>\n","protected":false},"author":1,"featured_media":1741,"comment_status":"closed","ping_status":"Open","sticky":false,"template":"","format":"standard","meta":{"_acf_changed":false,"ngg_post_thumbnail":0,"footnotes":""},"categories":[7],"tags":[],"class_list":["post-1280","post","type-post","status-publish","format-standard","has-post-thumbnail","hentry","category-cooperativas"],"acf":[],"_links":{"self":[{"href":"http:\/\/www.cudecoop.coop\/cudecoop\/wp-json\/wp\/v2\/posts\/1280","targetHints":{"allow":["GET"]}}],"collection":[{"href":"http:\/\/www.cudecoop.coop\/cudecoop\/wp-json\/wp\/v2\/posts"}],"about":[{"href":"http:\/\/www.cudecoop.coop\/cudecoop\/wp-json\/wp\/v2\/types\/post"}],"author":[{"embeddable":true,"href":"http:\/\/www.cudecoop.coop\/cudecoop\/wp-json\/wp\/v2\/users\/1"}],"replies":[{"embeddable":true,"href":"http:\/\/www.cudecoop.coop\/cudecoop\/wp-json\/wp\/v2\/comments?post=1280"}],"version-history":[{"count":0,"href":"http:\/\/www.cudecoop.coop\/cudecoop\/wp-json\/wp\/v2\/posts\/1280\/revisions"}],"wp:featuredmedia":[{"embeddable":true,"href":"http:\/\/www.cudecoop.coop\/cudecoop\/wp-json\/wp\/v2\/media\/1741"}],"wp:attachment":[{"href":"http:\/\/www.cudecoop.coop\/cudecoop\/wp-json\/wp\/v2\/media?parent=1280"}],"wp:term":[{"taxonomy":"category","embeddable":true,"href":"http:\/\/www.cudecoop.coop\/cudecoop\/wp-json\/wp\/v2\/categories?post=1280"},{"taxonomy":"post_tag","embeddable":true,"href":"http:\/\/www.cudecoop.coop\/cudecoop\/wp-json\/wp\/v2\/tags?post=1280"}],"curies":[{"name":"wp","href":"https:\/\/api.w.org\/{rel}","templated":true}]}}