{"id":1279,"date":"2017-02-22T19:59:00","date_gmt":"2017-02-22T19:59:00","guid":{"rendered":"http:\/\/www.cudecoop.coop\/cudecoop\/?p=1279"},"modified":"2017-02-22T19:59:00","modified_gmt":"2017-02-22T19:59:00","slug":"ni-muros-ni-exclusion-ni-globalizacion-financiera","status":"publish","type":"post","link":"http:\/\/www.cudecoop.coop\/cudecoop\/ni-muros-ni-exclusion-ni-globalizacion-financiera\/","title":{"rendered":"NI MUROS, NI EXCLUSI\u00d3N, NI GLOBALIZACI\u00d3N FINANCIERA"},"content":{"rendered":"<p>Declaraci\u00f3n del Consejo de Administraci\u00f3n aprobada en la \u00faltima reuni\u00f3n de Panam\u00e1 el d\u00eda 17 de Febrero de 2017.<\/p>\n<p>CONSIDERANDO:<\/p>\n<p>Que la globalizaci\u00f3n hegemonizada por el capital financiero concentrado est\u00e1 poniendo en riesgo los acuerdos internacionales en base a los cuales los seres humanos intentamos convivir en Paz, dando lugar a nacionalismos xen\u00f3fobos y belicistas, que s\u00f3lo profundizar\u00e1n las desigualdades sociales y territoriales.<\/p>\n<p>Que ello ocurre porque todo el sistema pol\u00edtico internacional, laboriosamente forjado luego de las grandes guerras del siglo XX, pierde legitimidad cuando los derechos sociales son groseramente vulnerados y la concentraci\u00f3n de la riqueza adquiere grados que afectan la sostenibilidad econ\u00f3mica, social y ambiental del planeta.<\/p>\n<p>Que en el continente de las Am\u00e9ricas el peor ejemplo de esta tendencia es el muro que el gobierno de EEUU quiere construir en su frontera con M\u00e9xico, a lo que se suman discursos xen\u00f3fobos, racistas y belicistas, que promueven la discriminaci\u00f3n y la concentraci\u00f3n del poder econ\u00f3mico en un territorio en detrimento del desarrollo sostenible global.<\/p>\n<p>Que ello resulta flagrantemente contradictorio con las obligaciones asumidas por los Estados parte en la Carta de Naciones Unidas, donde se manifiesta que se comprometen a \u009dcrear las condiciones de estabilidad y bienestar necesarias para las relaciones pac\u00edficas y amistosas entre las naciones\u009d y que para ello se promover\u00e1n \u009dniveles de vida m\u00e1s elevados, trabajo permanente para todos, y condiciones de progreso y desarrollo econ\u00f3mico y social\u009d (Art\u00edculo 55).<\/p>\n<p>Que tambi\u00e9n resulta conculcante de los derechos reconocidos por la Declaraci\u00f3n Universal de los Derechos Humanos donde se afirma que toda persona tiene derecho a obtener mediante el esfuerzo nacional y la cooperaci\u00f3n internacional \u009dla satisfacci\u00f3n de los derechos econ\u00f3micos, sociales y culturales, indispensables a su dignidad y al libre desarrollo de su personalidad\u009d (Art. 22), e incluso tiene derecho a que \u009dse establezca un orden social e internacional en el que los derechos y libertades proclamados en esta Declaraci\u00f3n se hagan plenamente efectivos\u009d (Art. 28).<\/p>\n<p>Que resulta contradictorio con los principios establecidos en  la Carta de la Organizaci\u00f3n de los Estados Americanos, donde se afirma que \u009dla justicia y la seguridad sociales son bases de una paz duradera\u009d y que la \u009dcooperaci\u00f3n econ\u00f3mica es esencial para el bienestar y la prosperidad comunes de los pueblos del Continente\u009d (Art. 3).<\/p>\n<p>Que en la Carta de la OEA los Estados miembros, \u009dinspirados en los principios de solidaridad y cooperaci\u00f3n interamericanas, se comprometen a aunar esfuerzos para lograr que impere la justicia social internacional en sus relaciones y para que sus pueblos alcancen un desarrollo integral, condiciones indispensables para la paz y la seguridad\u009d, y dejan claro que el desarrollo integral es responsabilidad com\u00fan de todos los Estados miembro: \u009dla cooperaci\u00f3n interamericana para el desarrollo integral es responsabilidad com\u00fan y solidaria de los Estados miembros en el marco de los principios democr\u00e1ticos y de las instituciones del sistema interamericano\u009d (Art. 31).<\/p>\n<p>Que la Carta de la OEA tambi\u00e9n reconoce las desigualdades entre sus miembros y promueve la cooperaci\u00f3n internacional y la unidad latinoamericana como respuestas frente a esto (art\u00edculo 44).<\/p>\n<p>Que la concentraci\u00f3n del poder econ\u00f3mico provoca injusticia social, y que ello carcome la paz entre los pueblos. <\/p>\n<p>Que en la Declaraci\u00f3n Final de la IV Cumbre Cooperativa de las Am\u00e9ricas se ha manifestado que \u009dlos alarmantes datos acerca de la desigualdad en la distribuci\u00f3n de la riqueza a escala mundial, son el resultado de procesos ligados a enormes desequilibrios de poder a escala planetaria\u009d y que \u009dalcanzar las aspiraciones de igualdad y equidad que inspiran nuestro movimiento requieren de una acci\u00f3n consciente y sistem\u00e1tica. No cabe lugar ni tiempo para ingenuidades. La disputa es econ\u00f3mica, social, cultural y comunicacional, pol\u00edtica, territorial y ambiental\u009d (Noviembre 2016, Montevideo).<\/p>\n<p>Que hist\u00f3ricamente el movimiento cooperativo ha sostenido que la paz debe estar respaldada por un modelo econ\u00f3mico que la promueva. Un ejemplo de esto es el pronunciamiento del Congreso de la Alianza Cooperativa Internacional de 1913, en Glasgow, en las puertas de la Primera Guerra Mundial: \u009dEl Congreso desea fijar en el \u00e1nimo de los pueblos de todas las naciones la seguridad de que el motivo de la continuaci\u00f3n del armamentismo y la posibilidad de conflictos internacionales desaparecer\u00e1n cuando la vida econ\u00f3mica y social de cada naci\u00f3n llegue a organizarse de acuerdo a los principios cooperativos; y se\u00f1alar que el progreso de la cooperaci\u00f3n es, por consiguiente, una de las m\u00e1s valiosas garant\u00edas para preservar la paz mundial\u009d.<\/p>\n<p>Que para lograr que mujeres y hombres no se vean expulsados por la violencia y la miseria, es necesario reconstruir el tejido social. Y para eso no alcanza el mercado, donde s\u00f3lo existen meras relaciones de intercambio. Deben construirse relaciones de reciprocidad, de compromiso comunitario. Debe construirse una econom\u00eda donde haya lugar a la relaci\u00f3n entre personas, donde se pueda decidir c\u00f3mo producir y qu\u00e9 producir a partir del compromiso con la comunidad, y no del af\u00e1n de lucro de los m\u00e1s poderosos.<\/p>\n<p>Que resulta necesario consolidar un fuerte sector de la econom\u00eda solidaria, cuyo eje es el movimiento cooperativo, que contribuya a la democracia econ\u00f3mica, y dispute espacios a la econom\u00eda concentrada, responsable de la injusticia social que pone en riesgo la paz entre los pueblos.<\/p>\n<p>Que el cooperativismo de las Am\u00e9ricas y del Mundo han demostrado su contribuci\u00f3n a la paz y, por lo tanto, deben sostener un firme compromiso para contribuir a la soluci\u00f3n de los conflictos que generan violencia y para facilitar la inserci\u00f3n de migrantes y refugiados en el modelo econ\u00f3mico fundado en la solidaridad y donde el ser humano sea el eje de sus preocupaciones,<\/p>\n<p>El Consejo de Administraci\u00f3n de Cooperativas de las Am\u00e9ricas declara que:<\/p>\n<p>\u00b7       Repudia la construcci\u00f3n del muro en la frontera entre M\u00e9xico y EEUU y de toda pol\u00edtica que sustentada en discursos xen\u00f3fobos, racistas y belicistas, promueva la discriminaci\u00f3n y la concentraci\u00f3n del poder econ\u00f3mico en un territorio en detrimento del desarrollo sostenible global.<\/p>\n<p>\u00b7       Exige a todos los Estados parte el pleno respeto de los compromisos asumidos en la Carta de la OEA, en particular el compromiso de aunar esfuerzos para lograr que impere la justicia social internacional en sus relaciones y para que sus pueblos alcancen un desarrollo integral, como condiciones indispensables para la paz y la seguridad. <\/p>\n<p>\u00b7       Se compromete a acompa\u00f1ar los procesos de pacificaci\u00f3n en todo el continente, en particular en Colombia, a partir de la promoci\u00f3n del cooperativismo como modelo que promueve la solidaridad, la reciprocidad y la responsabilidad comunitaria, requisitos para reconstruir el tejido social herido por la violencia.<\/p>\n<p>\u00b7       Invita a los Estados del continente y a toda la sociedad civil a promover la econom\u00eda solidaria \u009dque incluye al cooperativismo y otras modalidades asociativas\u009d para que como sector empresario gestionado en democracia y al servicio de las necesidades de las personas sobre el inter\u00e9s del capital, ayude al proceso de democratizaci\u00f3n de la econom\u00eda y enfrente al poder econ\u00f3mico concentrado responsable de la exclusi\u00f3n social y la crisis ambiental.<\/p>\n<p>\u00b7   Se compromete a promover que las cooperativas colaboren en la lucha por acceso igualitario a servicios y oportunidades a las personas migrantes y refugiadas de todo el mundo.<\/p>\n<p>Con cooperaci\u00f3n interamericana y econom\u00eda solidaria nuestro continente podr\u00e1 presentar al mundo un modelo de di\u00e1logo y paz, alternativo a la globalizaci\u00f3n financiera y a los nacionalismos xen\u00f3fobos.<\/p>\n<p>Panam\u00e1, febrero de 2017<\/p>\n","protected":false},"excerpt":{"rendered":"<p>Declaraci\u00f3n del Consejo de Administraci\u00f3n aprobada en la \u00faltima reuni\u00f3n de Panam\u00e1 el d\u00eda 17 de Febrero de 2017.<\/p>\n","protected":false},"author":1,"featured_media":0,"comment_status":"closed","ping_status":"Open","sticky":false,"template":"","format":"standard","meta":{"_acf_changed":false,"ngg_post_thumbnail":0,"footnotes":""},"categories":[7],"tags":[],"class_list":["post-1279","post","type-post","status-publish","format-standard","hentry","category-cooperativas"],"acf":[],"_links":{"self":[{"href":"http:\/\/www.cudecoop.coop\/cudecoop\/wp-json\/wp\/v2\/posts\/1279","targetHints":{"allow":["GET"]}}],"collection":[{"href":"http:\/\/www.cudecoop.coop\/cudecoop\/wp-json\/wp\/v2\/posts"}],"about":[{"href":"http:\/\/www.cudecoop.coop\/cudecoop\/wp-json\/wp\/v2\/types\/post"}],"author":[{"embeddable":true,"href":"http:\/\/www.cudecoop.coop\/cudecoop\/wp-json\/wp\/v2\/users\/1"}],"replies":[{"embeddable":true,"href":"http:\/\/www.cudecoop.coop\/cudecoop\/wp-json\/wp\/v2\/comments?post=1279"}],"version-history":[{"count":0,"href":"http:\/\/www.cudecoop.coop\/cudecoop\/wp-json\/wp\/v2\/posts\/1279\/revisions"}],"wp:attachment":[{"href":"http:\/\/www.cudecoop.coop\/cudecoop\/wp-json\/wp\/v2\/media?parent=1279"}],"wp:term":[{"taxonomy":"category","embeddable":true,"href":"http:\/\/www.cudecoop.coop\/cudecoop\/wp-json\/wp\/v2\/categories?post=1279"},{"taxonomy":"post_tag","embeddable":true,"href":"http:\/\/www.cudecoop.coop\/cudecoop\/wp-json\/wp\/v2\/tags?post=1279"}],"curies":[{"name":"wp","href":"https:\/\/api.w.org\/{rel}","templated":true}]}}