{"id":1277,"date":"2017-02-20T12:25:00","date_gmt":"2017-02-20T12:25:00","guid":{"rendered":"http:\/\/www.cudecoop.coop\/cudecoop\/?p=1277"},"modified":"2017-02-20T12:25:00","modified_gmt":"2017-02-20T12:25:00","slug":"nuevo-programa-de-formacion-cooperativa","status":"publish","type":"post","link":"http:\/\/www.cudecoop.coop\/cudecoop\/nuevo-programa-de-formacion-cooperativa\/","title":{"rendered":"Nuevo Programa de Formaci\u00f3n Cooperativa"},"content":{"rendered":"<p>El martes 21 de febrero a la hora 10, en instalaciones del INACOOP se presenta el PROCOOP. Programa impulsado y articulado entre el Instituto Instituto Nacional del Cooperativismo (INACOOP), el Instituto Nacional de Empleo y Formaci\u00f3n Profesional (INEFOP), y la Confederaci\u00f3n Uruguaya de Entidades Cooperativas (CUDECOOP).<\/p>\n<p>La Confederaci\u00f3n participa del Comit\u00e9 de Gesti\u00f3n junto al INACOOP y le compete en particular difundir y alentar que las cooperativas se postulen y presenten sus necesidades en formaci\u00f3n, esto lo realizar\u00e1 especialmente a trav\u00e9s de las federaciones. <\/p>\n<p>Tambi\u00e9n ata\u00f1e a CUDECOOP apoyar la elaboraci\u00f3n de la demanda apuntalando a los grupos que lo requieran en cualquier parte del pa\u00eds.<\/p>\n<p>El programa asimismo capacitar\u00e1 y actualizar\u00e1 a los docentes de las entidades de capacitaci\u00f3n.<br \/>\n<b><br \/>\nMartes 21 de febrero<br \/>\n10 h<br \/>\nSan Jos\u00e9 1418, esq. Santiago de Chile (Montevideo)<\/b><\/p>\n","protected":false},"excerpt":{"rendered":"<p>El martes 21 de febrero a la hora 10, en instalaciones del INACOOP se presenta el PROCOOP. Programa impulsado y articulado entre el Instituto Instituto Nacional del Cooperativismo (INACOOP), el Instituto Nacional de Empleo y Formaci\u00f3n Profesional (INEFOP), y la Confederaci\u00f3n Uruguaya de Entidades Cooperativas (CUDECOOP).<\/p>\n","protected":false},"author":1,"featured_media":1739,"comment_status":"closed","ping_status":"Open","sticky":false,"template":"","format":"standard","meta":{"_acf_changed":false,"ngg_post_thumbnail":0,"footnotes":""},"categories":[7],"tags":[],"class_list":["post-1277","post","type-post","status-publish","format-standard","has-post-thumbnail","hentry","category-cooperativas"],"acf":[],"_links":{"self":[{"href":"http:\/\/www.cudecoop.coop\/cudecoop\/wp-json\/wp\/v2\/posts\/1277","targetHints":{"allow":["GET"]}}],"collection":[{"href":"http:\/\/www.cudecoop.coop\/cudecoop\/wp-json\/wp\/v2\/posts"}],"about":[{"href":"http:\/\/www.cudecoop.coop\/cudecoop\/wp-json\/wp\/v2\/types\/post"}],"author":[{"embeddable":true,"href":"http:\/\/www.cudecoop.coop\/cudecoop\/wp-json\/wp\/v2\/users\/1"}],"replies":[{"embeddable":true,"href":"http:\/\/www.cudecoop.coop\/cudecoop\/wp-json\/wp\/v2\/comments?post=1277"}],"version-history":[{"count":0,"href":"http:\/\/www.cudecoop.coop\/cudecoop\/wp-json\/wp\/v2\/posts\/1277\/revisions"}],"wp:featuredmedia":[{"embeddable":true,"href":"http:\/\/www.cudecoop.coop\/cudecoop\/wp-json\/wp\/v2\/media\/1739"}],"wp:attachment":[{"href":"http:\/\/www.cudecoop.coop\/cudecoop\/wp-json\/wp\/v2\/media?parent=1277"}],"wp:term":[{"taxonomy":"category","embeddable":true,"href":"http:\/\/www.cudecoop.coop\/cudecoop\/wp-json\/wp\/v2\/categories?post=1277"},{"taxonomy":"post_tag","embeddable":true,"href":"http:\/\/www.cudecoop.coop\/cudecoop\/wp-json\/wp\/v2\/tags?post=1277"}],"curies":[{"name":"wp","href":"https:\/\/api.w.org\/{rel}","templated":true}]}}