{"id":1276,"date":"2017-02-16T18:46:00","date_gmt":"2017-02-16T18:46:00","guid":{"rendered":"http:\/\/www.cudecoop.coop\/cudecoop\/?p=1276"},"modified":"2017-02-16T18:46:00","modified_gmt":"2017-02-16T18:46:00","slug":"jornada-de-intercambio-estrategico-entre-cudecoop-e-inacoop","status":"publish","type":"post","link":"http:\/\/www.cudecoop.coop\/cudecoop\/jornada-de-intercambio-estrategico-entre-cudecoop-e-inacoop\/","title":{"rendered":"Jornada de intercambio estrat\u00e9gico entre CUDECOOP e INACOOP"},"content":{"rendered":"<p>El viernes 10 de febrero en instalaciones del Centro Cooperativista Uruguayo (CCU) se reunieron en una jornada de intercambio estrat\u00e9gico, el Comit\u00e9 Ejecutivo de CUDECOOP y el directorio del INACOOP.<\/p>\n<p>El Comit\u00e9 Ejecutivo de CUDECOOP y el directorio del INACOOP se encontraron para reflexionar sobre los principales desaf\u00edos que afectan al sistema cooperativo nacional.<br \/>\nSe analizaron las fortalezas, debilidades, amenazas y oportunidades que hacen al sistema p\u00fablico de promoci\u00f3n y control cooperativos, al sector cooperativo propiamente dicho y al movimiento desde la perspectiva de su entramado gremial. Se compartieron prioridades para el trabajo en 2017 y se defini\u00f3 una agenda compartida.<br \/>\nEntre las coincidencias m\u00e1s significativas se destaca la importancia del acuerdo de Fortalecimiento Gremial, la profundizaci\u00f3n del trabajo de desarrollo cooperativo a nivel territorial, el posicionamiento del Instituto y el movimiento con relaci\u00f3n al Sistema Nacional de Transformaci\u00f3n Productiva y Competitividad (Ley 19.472), as\u00ed como tambi\u00e9n la extensi\u00f3n del campo de la educaci\u00f3n cooperativa (Programa de Formaci\u00f3n Cooperativo con el INEFOP, Escuela Nacional de Cooperativismo, Proyectos con los sub sistemas de ense\u00f1anza formal, entre otros). Tambi\u00e9n se se\u00f1al\u00f3 la importancia de mejorar el marco legal cooperativo y de otras normas que afectan al sistema cooperativo.<br \/>\nEl Comit\u00e9 Ejecutivo valor\u00f3 positivamente esta instancia a partir de la cual seguramente se terminen acordando los principales proyectos y acciones del a\u00f1o.<\/p>\n","protected":false},"excerpt":{"rendered":"<p>El viernes 10 de febrero en instalaciones del Centro Cooperativista Uruguayo (CCU) se reunieron en una jornada de intercambio estrat\u00e9gico, el Comit\u00e9 Ejecutivo de CUDECOOP y el directorio del INACOOP.<\/p>\n","protected":false},"author":1,"featured_media":0,"comment_status":"closed","ping_status":"Open","sticky":false,"template":"","format":"standard","meta":{"_acf_changed":false,"ngg_post_thumbnail":0,"footnotes":""},"categories":[7],"tags":[],"class_list":["post-1276","post","type-post","status-publish","format-standard","hentry","category-cooperativas"],"acf":[],"_links":{"self":[{"href":"http:\/\/www.cudecoop.coop\/cudecoop\/wp-json\/wp\/v2\/posts\/1276","targetHints":{"allow":["GET"]}}],"collection":[{"href":"http:\/\/www.cudecoop.coop\/cudecoop\/wp-json\/wp\/v2\/posts"}],"about":[{"href":"http:\/\/www.cudecoop.coop\/cudecoop\/wp-json\/wp\/v2\/types\/post"}],"author":[{"embeddable":true,"href":"http:\/\/www.cudecoop.coop\/cudecoop\/wp-json\/wp\/v2\/users\/1"}],"replies":[{"embeddable":true,"href":"http:\/\/www.cudecoop.coop\/cudecoop\/wp-json\/wp\/v2\/comments?post=1276"}],"version-history":[{"count":0,"href":"http:\/\/www.cudecoop.coop\/cudecoop\/wp-json\/wp\/v2\/posts\/1276\/revisions"}],"wp:attachment":[{"href":"http:\/\/www.cudecoop.coop\/cudecoop\/wp-json\/wp\/v2\/media?parent=1276"}],"wp:term":[{"taxonomy":"category","embeddable":true,"href":"http:\/\/www.cudecoop.coop\/cudecoop\/wp-json\/wp\/v2\/categories?post=1276"},{"taxonomy":"post_tag","embeddable":true,"href":"http:\/\/www.cudecoop.coop\/cudecoop\/wp-json\/wp\/v2\/tags?post=1276"}],"curies":[{"name":"wp","href":"https:\/\/api.w.org\/{rel}","templated":true}]}}