{"id":1275,"date":"2017-02-10T18:52:00","date_gmt":"2017-02-10T18:52:00","guid":{"rendered":"http:\/\/www.cudecoop.coop\/cudecoop\/?p=1275"},"modified":"2017-02-10T18:52:00","modified_gmt":"2017-02-10T18:52:00","slug":"primer-consejo-directivo-del-anio-en-cudecoop","status":"publish","type":"post","link":"http:\/\/www.cudecoop.coop\/cudecoop\/primer-consejo-directivo-del-anio-en-cudecoop\/","title":{"rendered":"Primer Consejo Directivo del a\u00f1o en CUDECOOP"},"content":{"rendered":"<p>El martes 7 de febrero, se celebr\u00f3 en instalaciones de la Confederaci\u00f3n, el primer Consejo Directivo del a\u00f1o.<\/p>\n<p>Para comenzar el trabajo de lo que ser\u00e1 el a\u00f1o, la primer reuni\u00f3n del Consejo Directivo, se centr\u00f3 en el balance y las prioridades para el a\u00f1o 2017. En el mismo se repasaron los planteos que CUDECOOP llevar\u00e1 a la jornada de intercambio a realizarse con el Instituto Nacional del Cooperativismo, INACOOP. Actividad prevista para el viernes 10 de febrero en la que se realizar\u00e1 la planificaci\u00f3n entre el principal actor p\u00fablico, INACOOP, y el principal actor del sistema cooperativo, CUDECOOP, para llegar a una agenda compartida del sistema cooperativo. <\/p>\n<p>Por otro lado, se realiz\u00f3 un an\u00e1lisis sobre el impacto que tendr\u00e1 la Ley Nacional de Transformaci\u00f3n Productiva y Competitiva, para lo que se prev\u00e9 realizar una activiad con la Oficina de Planeamiento y Presupuesto, OPP.<\/p>\n<p>Se aprovech\u00f3 la ocasi\u00f3n para presentar un informe m\u00e1s cercano al final sobre los saldos econ\u00f3micos de la realizaci\u00f3n de la IV Cumbre Cooperativa de las Am\u00e9ricas en Montevideo, y se inform\u00f3 que la misma dej\u00f3 un saldo muy favorable para la Confederaci\u00f3n.   <\/p>\n<p>Por \u00faltimo, cada delegado de la Confederaci\u00f3n que la representa en los distintos institutos p\u00fablicos, present\u00f3 un informe pormenorizado. Estos institutos son Inefop, Fondes e Inacoop.<\/p>\n","protected":false},"excerpt":{"rendered":"<p>El martes 7 de febrero, se celebr\u00f3 en instalaciones de la Confederaci\u00f3n, el primer Consejo Directivo del a\u00f1o.<\/p>\n","protected":false},"author":1,"featured_media":0,"comment_status":"closed","ping_status":"Open","sticky":false,"template":"","format":"standard","meta":{"_acf_changed":false,"ngg_post_thumbnail":0,"footnotes":""},"categories":[7],"tags":[],"class_list":["post-1275","post","type-post","status-publish","format-standard","hentry","category-cooperativas"],"acf":[],"_links":{"self":[{"href":"http:\/\/www.cudecoop.coop\/cudecoop\/wp-json\/wp\/v2\/posts\/1275","targetHints":{"allow":["GET"]}}],"collection":[{"href":"http:\/\/www.cudecoop.coop\/cudecoop\/wp-json\/wp\/v2\/posts"}],"about":[{"href":"http:\/\/www.cudecoop.coop\/cudecoop\/wp-json\/wp\/v2\/types\/post"}],"author":[{"embeddable":true,"href":"http:\/\/www.cudecoop.coop\/cudecoop\/wp-json\/wp\/v2\/users\/1"}],"replies":[{"embeddable":true,"href":"http:\/\/www.cudecoop.coop\/cudecoop\/wp-json\/wp\/v2\/comments?post=1275"}],"version-history":[{"count":0,"href":"http:\/\/www.cudecoop.coop\/cudecoop\/wp-json\/wp\/v2\/posts\/1275\/revisions"}],"wp:attachment":[{"href":"http:\/\/www.cudecoop.coop\/cudecoop\/wp-json\/wp\/v2\/media?parent=1275"}],"wp:term":[{"taxonomy":"category","embeddable":true,"href":"http:\/\/www.cudecoop.coop\/cudecoop\/wp-json\/wp\/v2\/categories?post=1275"},{"taxonomy":"post_tag","embeddable":true,"href":"http:\/\/www.cudecoop.coop\/cudecoop\/wp-json\/wp\/v2\/tags?post=1275"}],"curies":[{"name":"wp","href":"https:\/\/api.w.org\/{rel}","templated":true}]}}