{"id":1274,"date":"2017-01-23T17:35:00","date_gmt":"2017-01-23T17:35:00","guid":{"rendered":"http:\/\/www.cudecoop.coop\/cudecoop\/?p=1274"},"modified":"2017-01-23T17:35:00","modified_gmt":"2017-01-23T17:35:00","slug":"fray-bentos-la-nueva-capital-nacional-del-cooperativismo","status":"publish","type":"post","link":"http:\/\/www.cudecoop.coop\/cudecoop\/fray-bentos-la-nueva-capital-nacional-del-cooperativismo\/","title":{"rendered":"Fray Bentos la nueva Capital Nacional del Cooperativismo"},"content":{"rendered":"<p>-2017-<\/p>\n<p>Finalmente, el Poder Legislativo declar\u00f3 a la ciudad de Fray Bentos, departamento de R\u00edo Negro,     &#8220;Capital Nacional del Cooperativismo&#8221; en el a\u00f1o 2017.<\/p>\n","protected":false},"excerpt":{"rendered":"<p>-2017-<\/p>\n","protected":false},"author":1,"featured_media":0,"comment_status":"closed","ping_status":"Open","sticky":false,"template":"","format":"standard","meta":{"_acf_changed":false,"ngg_post_thumbnail":0,"footnotes":""},"categories":[7],"tags":[],"class_list":["post-1274","post","type-post","status-publish","format-standard","hentry","category-cooperativas"],"acf":[],"_links":{"self":[{"href":"http:\/\/www.cudecoop.coop\/cudecoop\/wp-json\/wp\/v2\/posts\/1274","targetHints":{"allow":["GET"]}}],"collection":[{"href":"http:\/\/www.cudecoop.coop\/cudecoop\/wp-json\/wp\/v2\/posts"}],"about":[{"href":"http:\/\/www.cudecoop.coop\/cudecoop\/wp-json\/wp\/v2\/types\/post"}],"author":[{"embeddable":true,"href":"http:\/\/www.cudecoop.coop\/cudecoop\/wp-json\/wp\/v2\/users\/1"}],"replies":[{"embeddable":true,"href":"http:\/\/www.cudecoop.coop\/cudecoop\/wp-json\/wp\/v2\/comments?post=1274"}],"version-history":[{"count":0,"href":"http:\/\/www.cudecoop.coop\/cudecoop\/wp-json\/wp\/v2\/posts\/1274\/revisions"}],"wp:attachment":[{"href":"http:\/\/www.cudecoop.coop\/cudecoop\/wp-json\/wp\/v2\/media?parent=1274"}],"wp:term":[{"taxonomy":"category","embeddable":true,"href":"http:\/\/www.cudecoop.coop\/cudecoop\/wp-json\/wp\/v2\/categories?post=1274"},{"taxonomy":"post_tag","embeddable":true,"href":"http:\/\/www.cudecoop.coop\/cudecoop\/wp-json\/wp\/v2\/tags?post=1274"}],"curies":[{"name":"wp","href":"https:\/\/api.w.org\/{rel}","templated":true}]}}