{"id":1271,"date":"2016-12-26T19:38:00","date_gmt":"2016-12-26T19:38:00","guid":{"rendered":"http:\/\/www.cudecoop.coop\/cudecoop\/?p=1271"},"modified":"2016-12-26T19:38:00","modified_gmt":"2016-12-26T19:38:00","slug":"5ta-edicion-de-la-especializacion-en-gestion-cooperativa","status":"publish","type":"post","link":"http:\/\/www.cudecoop.coop\/cudecoop\/5ta-edicion-de-la-especializacion-en-gestion-cooperativa\/","title":{"rendered":"5ta Edici\u00f3n de la Especializaci\u00f3n en Gesti\u00f3n Cooperativa"},"content":{"rendered":"<p>En el 2017 se realizar\u00e1 una nueva edici\u00f3n del curso con nivel de diplomado  destinado a dirigentes de cooperativas que cumplen roles institucionales, funcionarios, t\u00e9cnicos que cumplen roles en los comit\u00e9s de Educaci\u00f3n, Fomento e Integraci\u00f3n Cooperativa.<\/p>\n<p>Es de nuestro inter\u00e9s informarles que en el a\u00f1o 2017 se dictar\u00e1 la 5ta edici\u00f3n de la Especializaci\u00f3n en Gesti\u00f3n Cooperativa. Curso con nivel de diplomado destinado a dirigentes de cooperativas que cumplen roles institucionales, funcionarios, t\u00e9cnicos que cumplen roles en los comit\u00e9s de Educaci\u00f3n, Fomento e Integraci\u00f3n Cooperativa.<br \/>\nEste a\u00f1o se contar\u00e1 con un programa actualizado y adaptado seg\u00fan las necesidades que fueron surgiendo de los alumnos en las ediciones anteriores, por lo que consideramos que se trata de una gran oportunidad para realizarlo.<\/p>\n<p>El curso se realiza a distancia y tiene por finalidad generar en los participantes las competencias necesarias para la gesti\u00f3n integral de las cooperativas desde sus respectivos roles, tanto instucionales como t\u00e9cnicos.<\/p>\n<p>M\u00e1s informaci\u00f3n: http:\/\/www.educacioncooperativa.edu.uy<\/p>\n","protected":false},"excerpt":{"rendered":"<p>En el 2017 se realizar\u00e1 una nueva edici\u00f3n del curso con nivel de diplomado  destinado a dirigentes de cooperativas que cumplen roles institucionales, funcionarios, t\u00e9cnicos que cumplen roles en los comit\u00e9s de Educaci\u00f3n, Fomento e Integraci\u00f3n Cooperativa.<\/p>\n","protected":false},"author":1,"featured_media":1737,"comment_status":"closed","ping_status":"Open","sticky":false,"template":"","format":"standard","meta":{"_acf_changed":false,"ngg_post_thumbnail":0,"footnotes":""},"categories":[7],"tags":[],"class_list":["post-1271","post","type-post","status-publish","format-standard","has-post-thumbnail","hentry","category-cooperativas"],"acf":[],"_links":{"self":[{"href":"http:\/\/www.cudecoop.coop\/cudecoop\/wp-json\/wp\/v2\/posts\/1271","targetHints":{"allow":["GET"]}}],"collection":[{"href":"http:\/\/www.cudecoop.coop\/cudecoop\/wp-json\/wp\/v2\/posts"}],"about":[{"href":"http:\/\/www.cudecoop.coop\/cudecoop\/wp-json\/wp\/v2\/types\/post"}],"author":[{"embeddable":true,"href":"http:\/\/www.cudecoop.coop\/cudecoop\/wp-json\/wp\/v2\/users\/1"}],"replies":[{"embeddable":true,"href":"http:\/\/www.cudecoop.coop\/cudecoop\/wp-json\/wp\/v2\/comments?post=1271"}],"version-history":[{"count":0,"href":"http:\/\/www.cudecoop.coop\/cudecoop\/wp-json\/wp\/v2\/posts\/1271\/revisions"}],"wp:featuredmedia":[{"embeddable":true,"href":"http:\/\/www.cudecoop.coop\/cudecoop\/wp-json\/wp\/v2\/media\/1737"}],"wp:attachment":[{"href":"http:\/\/www.cudecoop.coop\/cudecoop\/wp-json\/wp\/v2\/media?parent=1271"}],"wp:term":[{"taxonomy":"category","embeddable":true,"href":"http:\/\/www.cudecoop.coop\/cudecoop\/wp-json\/wp\/v2\/categories?post=1271"},{"taxonomy":"post_tag","embeddable":true,"href":"http:\/\/www.cudecoop.coop\/cudecoop\/wp-json\/wp\/v2\/tags?post=1271"}],"curies":[{"name":"wp","href":"https:\/\/api.w.org\/{rel}","templated":true}]}}