{"id":1269,"date":"2016-12-14T12:16:00","date_gmt":"2016-12-14T12:16:00","guid":{"rendered":"http:\/\/www.cudecoop.coop\/cudecoop\/?p=1269"},"modified":"2016-12-14T12:16:00","modified_gmt":"2016-12-14T12:16:00","slug":"nueva-etapa-en-la-direccion-de-cudecoop","status":"publish","type":"post","link":"http:\/\/www.cudecoop.coop\/cudecoop\/nueva-etapa-en-la-direccion-de-cudecoop\/","title":{"rendered":"Nueva etapa en la direcci\u00f3n de CUDECOOP"},"content":{"rendered":"<p>Tras la asamblea realizada en la tarde del martes 13 de diciembre, se defini\u00f3 la nueva direcci\u00f3n de la Confederaci\u00f3n.<\/p>\n<p>En la Asamblea General Ordinaria, se realiz\u00f3 la evaluaci\u00f3n de lo que fueron los dos a\u00f1os de trabajo para de la direcci\u00f3n saliente, la evaluaci\u00f3n de la IV Cumbre realizada en Montevideo, co-organizada por CUDECOOP y el rol e incidencia que est\u00e1 teniendo el cooperativismo a trav\u00e9s de la Confederaci\u00f3n en las pol\u00edticas p\u00fablicas.<\/p>\n<p>Tras la elecci\u00f3n del nuevo Consejo Directivo se defini\u00f3 la integraci\u00f3n del Comit\u00e9 Ejecutivo que qued\u00f3 constituido de la siguiente manera:<br \/>\nPresidencia: Graciela Fern\u00e1ndez (CCU)<br \/>\nVicepresidencia Primera: \u00c1ngeles Dati (FUCC)<br \/>\nVicepresidencia Segunda: Juan Carlos Canessa (CAF)<br \/>\nSecretar\u00eda Ejecutiva: Ricardo Pisciottano (FECOVI)<br \/>\nTesorer\u00eda: Ad\u00e1n Mart\u00ednez (CONFIAR)<br \/>\nPrimer suplente: Rosana Perdomo (FCPU)<\/p>\n<p>La Comisi\u00f3n Fiscal qued\u00f3 integrada por: Fucerep, ACAC y Cucacc.<\/p>\n","protected":false},"excerpt":{"rendered":"<p>Tras la asamblea realizada en la tarde del martes 13 de diciembre, se defini\u00f3 la nueva direcci\u00f3n de la Confederaci\u00f3n.<\/p>\n","protected":false},"author":1,"featured_media":0,"comment_status":"closed","ping_status":"Open","sticky":false,"template":"","format":"standard","meta":{"_acf_changed":false,"ngg_post_thumbnail":0,"footnotes":""},"categories":[7],"tags":[],"class_list":["post-1269","post","type-post","status-publish","format-standard","hentry","category-cooperativas"],"acf":[],"_links":{"self":[{"href":"http:\/\/www.cudecoop.coop\/cudecoop\/wp-json\/wp\/v2\/posts\/1269","targetHints":{"allow":["GET"]}}],"collection":[{"href":"http:\/\/www.cudecoop.coop\/cudecoop\/wp-json\/wp\/v2\/posts"}],"about":[{"href":"http:\/\/www.cudecoop.coop\/cudecoop\/wp-json\/wp\/v2\/types\/post"}],"author":[{"embeddable":true,"href":"http:\/\/www.cudecoop.coop\/cudecoop\/wp-json\/wp\/v2\/users\/1"}],"replies":[{"embeddable":true,"href":"http:\/\/www.cudecoop.coop\/cudecoop\/wp-json\/wp\/v2\/comments?post=1269"}],"version-history":[{"count":0,"href":"http:\/\/www.cudecoop.coop\/cudecoop\/wp-json\/wp\/v2\/posts\/1269\/revisions"}],"wp:attachment":[{"href":"http:\/\/www.cudecoop.coop\/cudecoop\/wp-json\/wp\/v2\/media?parent=1269"}],"wp:term":[{"taxonomy":"category","embeddable":true,"href":"http:\/\/www.cudecoop.coop\/cudecoop\/wp-json\/wp\/v2\/categories?post=1269"},{"taxonomy":"post_tag","embeddable":true,"href":"http:\/\/www.cudecoop.coop\/cudecoop\/wp-json\/wp\/v2\/tags?post=1269"}],"curies":[{"name":"wp","href":"https:\/\/api.w.org\/{rel}","templated":true}]}}