{"id":1268,"date":"2016-12-13T14:31:00","date_gmt":"2016-12-13T14:31:00","guid":{"rendered":"http:\/\/www.cudecoop.coop\/cudecoop\/?p=1268"},"modified":"2016-12-13T14:31:00","modified_gmt":"2016-12-13T14:31:00","slug":"iv-encuentro-nacional-de-educacion-cooperativa","status":"publish","type":"post","link":"http:\/\/www.cudecoop.coop\/cudecoop\/iv-encuentro-nacional-de-educacion-cooperativa\/","title":{"rendered":"IV Encuentro Nacional de Educaci\u00f3n Cooperativa"},"content":{"rendered":"<p>Se realiz\u00f3 el mi\u00e9rcoles 14 de diciembre en el Instituto de Perfeccionamiento y Estudios Superiores (IPES) el IV Encuentro Nacional de Educaci\u00f3n Cooperativa.<\/p>\n<p>Se trata del cierre de actividades del a\u00f1o vinculadas al programa de educaci\u00f3n formal que dicta CUDECOOP junto a la Unidad de Estudios Cooperativos de la UdelaR con el apoyo del INACOOP.<br \/>\nEn esta ocasi\u00f3n se aprovech\u00f3 para, adem\u00e1s de  presentar los resultados de las actividades con docentes desarrolladas durante el a\u00f1o y sus correspondientes evaluaciones, realizar una videoconferencia que plante\u00f3 una experiencia espa\u00f1ola.<\/p>\n<p>Se realiz\u00f3 la entrega de certificados de los Cursos de Cooperaci\u00f3n y Cooperativismo en la Educaci\u00f3n Formal llevados a cabo en Montevideo y Fray Bentos<\/p>\n<p><b><br \/>\nCUDECOOP &#8211; INACOOP &#8211; UdelaR &#8211; ANEP<\/b><\/p>\n","protected":false},"excerpt":{"rendered":"<p>Se realiz\u00f3 el mi\u00e9rcoles 14 de diciembre en el Instituto de Perfeccionamiento y Estudios Superiores (IPES) el IV Encuentro Nacional de Educaci\u00f3n Cooperativa.<\/p>\n","protected":false},"author":1,"featured_media":0,"comment_status":"closed","ping_status":"Open","sticky":false,"template":"","format":"standard","meta":{"_acf_changed":false,"ngg_post_thumbnail":0,"footnotes":""},"categories":[7],"tags":[],"class_list":["post-1268","post","type-post","status-publish","format-standard","hentry","category-cooperativas"],"acf":[],"_links":{"self":[{"href":"http:\/\/www.cudecoop.coop\/cudecoop\/wp-json\/wp\/v2\/posts\/1268","targetHints":{"allow":["GET"]}}],"collection":[{"href":"http:\/\/www.cudecoop.coop\/cudecoop\/wp-json\/wp\/v2\/posts"}],"about":[{"href":"http:\/\/www.cudecoop.coop\/cudecoop\/wp-json\/wp\/v2\/types\/post"}],"author":[{"embeddable":true,"href":"http:\/\/www.cudecoop.coop\/cudecoop\/wp-json\/wp\/v2\/users\/1"}],"replies":[{"embeddable":true,"href":"http:\/\/www.cudecoop.coop\/cudecoop\/wp-json\/wp\/v2\/comments?post=1268"}],"version-history":[{"count":0,"href":"http:\/\/www.cudecoop.coop\/cudecoop\/wp-json\/wp\/v2\/posts\/1268\/revisions"}],"wp:attachment":[{"href":"http:\/\/www.cudecoop.coop\/cudecoop\/wp-json\/wp\/v2\/media?parent=1268"}],"wp:term":[{"taxonomy":"category","embeddable":true,"href":"http:\/\/www.cudecoop.coop\/cudecoop\/wp-json\/wp\/v2\/categories?post=1268"},{"taxonomy":"post_tag","embeddable":true,"href":"http:\/\/www.cudecoop.coop\/cudecoop\/wp-json\/wp\/v2\/tags?post=1268"}],"curies":[{"name":"wp","href":"https:\/\/api.w.org\/{rel}","templated":true}]}}