{"id":1267,"date":"2016-12-09T18:22:00","date_gmt":"2016-12-09T18:22:00","guid":{"rendered":"http:\/\/www.cudecoop.coop\/cudecoop\/?p=1267"},"modified":"2016-12-09T18:22:00","modified_gmt":"2016-12-09T18:22:00","slug":"avanzando-en-la-definicion-de-la-politica-industrial-cooperativa","status":"publish","type":"post","link":"http:\/\/www.cudecoop.coop\/cudecoop\/avanzando-en-la-definicion-de-la-politica-industrial-cooperativa\/","title":{"rendered":"Avanzando en la definici\u00f3n de la pol\u00edtica industrial cooperativa"},"content":{"rendered":"<p>El mi\u00e9rcoles 7 de diciembre, las gremiales cooperativas con actividad industrial CUDECOOP, CAF, FCPU, CNFR, y el INACOOP, se reunieron con el Ministerio de Industria, Energ\u00eda y Miner\u00eda, MIEM para avanzar en la definici\u00f3n de las acciones conjuntas para el 2017.<\/p>\n<p>Participaron del encuentro por CUDECOOP la Dra. Graciela Fern\u00e1ndez, presidenta, T\u00e9c. Agr. Juan Carlos Canessa, vicepresidente primero, Ing. Agr. Gabriel Isola, coordinador general. Por CAF fueron el Ing. Agr. Lu\u00eds Frachia, gerente, la Ing. Agr. Andrea Politi, asesora t\u00e9cnica. Por INACOOP Sr. Gustavo Bernini, presidente, Sr. Pablo Perdomo, director. Por CNFR particip\u00f3 el Ing. Agr. Gustavo Cabrera.<\/p>\n<p>Por otro lado,  el MIEM estuvo representado por la ministra Ing. Carolina Cosse, por Cra. Ximena Cidr\u00e1s y Sr. Miguel Machado de la Unidad Econ\u00f3mica de Ejecuci\u00f3n de Pol\u00edticas , tambi\u00e9n particip\u00f3 la abogada Laura Beritini.<\/p>\n<p>Fue en el marco de &#8220;MIEM a puertas abiertas&#8221; en donde se reunieron las gremiales cooperativas junto al ministerio de Industria. En esa ocasi\u00f3n CUDECOOP realiz\u00f3 una valoraci\u00f3n positiva sobre las actividades que se vienen desarrollando en conjunto con el MIEM. Adem\u00e1s se aprovech\u00f3 la ocasi\u00f3n para  presentar una serie de sugerencias sobre las prioridades para el trabajo conjunto en el 2017.<br \/>\nEstas prioridades tratan sobre profundizar las herramientas para la innovaci\u00f3n de la econom\u00eda social y tambi\u00e9n buscan profundizar la intercooperaci\u00f3n. <\/p>\n<p>Particularmente se reconoci\u00f3 la importancia de contar con instrumentos de pol\u00edtica industrial espec\u00edficos para las cooperativas y las otras entidades de la econom\u00eda social, subrayando la importancia de contar con un espacio de permanente di\u00e1logo como la Mesa<\/p>\n","protected":false},"excerpt":{"rendered":"<p>El mi\u00e9rcoles 7 de diciembre, las gremiales cooperativas con actividad industrial CUDECOOP, CAF, FCPU, CNFR, y el INACOOP, se reunieron con el Ministerio de Industria, Energ\u00eda y Miner\u00eda, MIEM para avanzar en la definici\u00f3n de las acciones conjuntas para el 2017.<\/p>\n","protected":false},"author":1,"featured_media":1731,"comment_status":"closed","ping_status":"Open","sticky":false,"template":"","format":"standard","meta":{"_acf_changed":false,"ngg_post_thumbnail":0,"footnotes":""},"categories":[7],"tags":[],"class_list":["post-1267","post","type-post","status-publish","format-standard","has-post-thumbnail","hentry","category-cooperativas"],"acf":[],"_links":{"self":[{"href":"http:\/\/www.cudecoop.coop\/cudecoop\/wp-json\/wp\/v2\/posts\/1267","targetHints":{"allow":["GET"]}}],"collection":[{"href":"http:\/\/www.cudecoop.coop\/cudecoop\/wp-json\/wp\/v2\/posts"}],"about":[{"href":"http:\/\/www.cudecoop.coop\/cudecoop\/wp-json\/wp\/v2\/types\/post"}],"author":[{"embeddable":true,"href":"http:\/\/www.cudecoop.coop\/cudecoop\/wp-json\/wp\/v2\/users\/1"}],"replies":[{"embeddable":true,"href":"http:\/\/www.cudecoop.coop\/cudecoop\/wp-json\/wp\/v2\/comments?post=1267"}],"version-history":[{"count":0,"href":"http:\/\/www.cudecoop.coop\/cudecoop\/wp-json\/wp\/v2\/posts\/1267\/revisions"}],"wp:featuredmedia":[{"embeddable":true,"href":"http:\/\/www.cudecoop.coop\/cudecoop\/wp-json\/wp\/v2\/media\/1731"}],"wp:attachment":[{"href":"http:\/\/www.cudecoop.coop\/cudecoop\/wp-json\/wp\/v2\/media?parent=1267"}],"wp:term":[{"taxonomy":"category","embeddable":true,"href":"http:\/\/www.cudecoop.coop\/cudecoop\/wp-json\/wp\/v2\/categories?post=1267"},{"taxonomy":"post_tag","embeddable":true,"href":"http:\/\/www.cudecoop.coop\/cudecoop\/wp-json\/wp\/v2\/tags?post=1267"}],"curies":[{"name":"wp","href":"https:\/\/api.w.org\/{rel}","templated":true}]}}