{"id":1265,"date":"2016-12-01T13:52:00","date_gmt":"2016-12-01T13:52:00","guid":{"rendered":"http:\/\/www.cudecoop.coop\/cudecoop\/?p=1265"},"modified":"2016-12-01T13:52:00","modified_gmt":"2016-12-01T13:52:00","slug":"declaracion-final-iv-cumbre-cooperativa-de-las-americas","status":"publish","type":"post","link":"http:\/\/www.cudecoop.coop\/cudecoop\/declaracion-final-iv-cumbre-cooperativa-de-las-americas\/","title":{"rendered":"Declaraci\u00f3n Final IV Cumbre Cooperativa de las Am\u00e9ricas"},"content":{"rendered":"<p>Aqu\u00ed puede acceder a la declaraci\u00f3n final.<\/p>\n<p>Pr\u00f3ximamente estaremos publicando material ampliatorio sobre las actividades realizadas durante el encuentro.<\/p>\n","protected":false},"excerpt":{"rendered":"<p>Aqu\u00ed puede acceder a la declaraci\u00f3n final.<\/p>\n","protected":false},"author":1,"featured_media":0,"comment_status":"closed","ping_status":"Open","sticky":false,"template":"","format":"standard","meta":{"_acf_changed":false,"ngg_post_thumbnail":0,"footnotes":""},"categories":[7],"tags":[],"class_list":["post-1265","post","type-post","status-publish","format-standard","hentry","category-cooperativas"],"acf":[],"_links":{"self":[{"href":"http:\/\/www.cudecoop.coop\/cudecoop\/wp-json\/wp\/v2\/posts\/1265","targetHints":{"allow":["GET"]}}],"collection":[{"href":"http:\/\/www.cudecoop.coop\/cudecoop\/wp-json\/wp\/v2\/posts"}],"about":[{"href":"http:\/\/www.cudecoop.coop\/cudecoop\/wp-json\/wp\/v2\/types\/post"}],"author":[{"embeddable":true,"href":"http:\/\/www.cudecoop.coop\/cudecoop\/wp-json\/wp\/v2\/users\/1"}],"replies":[{"embeddable":true,"href":"http:\/\/www.cudecoop.coop\/cudecoop\/wp-json\/wp\/v2\/comments?post=1265"}],"version-history":[{"count":0,"href":"http:\/\/www.cudecoop.coop\/cudecoop\/wp-json\/wp\/v2\/posts\/1265\/revisions"}],"wp:attachment":[{"href":"http:\/\/www.cudecoop.coop\/cudecoop\/wp-json\/wp\/v2\/media?parent=1265"}],"wp:term":[{"taxonomy":"category","embeddable":true,"href":"http:\/\/www.cudecoop.coop\/cudecoop\/wp-json\/wp\/v2\/categories?post=1265"},{"taxonomy":"post_tag","embeddable":true,"href":"http:\/\/www.cudecoop.coop\/cudecoop\/wp-json\/wp\/v2\/tags?post=1265"}],"curies":[{"name":"wp","href":"https:\/\/api.w.org\/{rel}","templated":true}]}}