{"id":1263,"date":"2016-11-28T15:55:00","date_gmt":"2016-11-28T15:55:00","guid":{"rendered":"http:\/\/www.cudecoop.coop\/cudecoop\/?p=1263"},"modified":"2016-11-28T15:55:00","modified_gmt":"2016-11-28T15:55:00","slug":"primeros-grupos-seleccionados-por-incubacoop-se-encuentran-en-etapa-de-sensibilizacion","status":"publish","type":"post","link":"http:\/\/www.cudecoop.coop\/cudecoop\/primeros-grupos-seleccionados-por-incubacoop-se-encuentran-en-etapa-de-sensibilizacion\/","title":{"rendered":"Primeros grupos seleccionados por Incubacoop se encuentran en etapa de sensibilizaci\u00f3n"},"content":{"rendered":"<p>A partir de la selecci\u00f3n de los primeros 7 grupos a ser incubados, los proyectos se adentran en la primera fase del proceso de incubaci\u00f3n: la sensibilizaci\u00f3n. Se estima que la misma tendr\u00e1, aproximadamente,  un mes de duraci\u00f3n.<\/p>\n<p>En esta instancia lo que se busca es introducir a los Integrantes de la futura cooperativa en los aspectos concernientes a la constituci\u00f3n de la misma. <\/p>\n<p>Es el per\u00edodo en el que se fortalece la estructura del grupo, se realiza el an\u00e1lisis preliminar de la idea a emprender, se discute el marco legal relativo a las cooperativas, se definen las responsabilidades y derechos de los socios y se discuten los requisitos formales e informales.  <\/p>\n<p>Tambi\u00e9n en este momento, los integrantes participan de un curso de iniciaci\u00f3n cooperativa y se forman en gesti\u00f3n asociativa y viabilidad organizacional. <\/p>\n<p>Se espera a partir de esta etapa la conformaci\u00f3n de los estatutos de la cooperativa y la integraci\u00f3n formal de la misma en los casos que restan constituirse<\/p>\n","protected":false},"excerpt":{"rendered":"<p>A partir de la selecci\u00f3n de los primeros 7 grupos a ser incubados, los proyectos se adentran en la primera fase del proceso de incubaci\u00f3n: la sensibilizaci\u00f3n. Se estima que la misma tendr\u00e1, aproximadamente,  un mes de duraci\u00f3n.<\/p>\n","protected":false},"author":1,"featured_media":1797,"comment_status":"closed","ping_status":"Open","sticky":false,"template":"","format":"standard","meta":{"_acf_changed":false,"ngg_post_thumbnail":0,"footnotes":""},"categories":[7],"tags":[],"class_list":["post-1263","post","type-post","status-publish","format-standard","has-post-thumbnail","hentry","category-cooperativas"],"acf":[],"_links":{"self":[{"href":"http:\/\/www.cudecoop.coop\/cudecoop\/wp-json\/wp\/v2\/posts\/1263","targetHints":{"allow":["GET"]}}],"collection":[{"href":"http:\/\/www.cudecoop.coop\/cudecoop\/wp-json\/wp\/v2\/posts"}],"about":[{"href":"http:\/\/www.cudecoop.coop\/cudecoop\/wp-json\/wp\/v2\/types\/post"}],"author":[{"embeddable":true,"href":"http:\/\/www.cudecoop.coop\/cudecoop\/wp-json\/wp\/v2\/users\/1"}],"replies":[{"embeddable":true,"href":"http:\/\/www.cudecoop.coop\/cudecoop\/wp-json\/wp\/v2\/comments?post=1263"}],"version-history":[{"count":0,"href":"http:\/\/www.cudecoop.coop\/cudecoop\/wp-json\/wp\/v2\/posts\/1263\/revisions"}],"wp:featuredmedia":[{"embeddable":true,"href":"http:\/\/www.cudecoop.coop\/cudecoop\/wp-json\/wp\/v2\/media\/1797"}],"wp:attachment":[{"href":"http:\/\/www.cudecoop.coop\/cudecoop\/wp-json\/wp\/v2\/media?parent=1263"}],"wp:term":[{"taxonomy":"category","embeddable":true,"href":"http:\/\/www.cudecoop.coop\/cudecoop\/wp-json\/wp\/v2\/categories?post=1263"},{"taxonomy":"post_tag","embeddable":true,"href":"http:\/\/www.cudecoop.coop\/cudecoop\/wp-json\/wp\/v2\/tags?post=1263"}],"curies":[{"name":"wp","href":"https:\/\/api.w.org\/{rel}","templated":true}]}}