{"id":1262,"date":"2016-11-23T17:02:00","date_gmt":"2016-11-23T17:02:00","guid":{"rendered":"http:\/\/www.cudecoop.coop\/cudecoop\/?p=1262"},"modified":"2016-11-23T17:02:00","modified_gmt":"2016-11-23T17:02:00","slug":"asamblea-de-cudecoop","status":"publish","type":"post","link":"http:\/\/www.cudecoop.coop\/cudecoop\/asamblea-de-cudecoop\/","title":{"rendered":"ASAMBLEA de CUDECOOP"},"content":{"rendered":"<p>Convocamos a la Asamblea General Ordinaria de CUDECOOP  a realizarse el pr\u00f3ximo 13 de diciembre a la hora 17:00 en primera convocatoria y a la hora 18:00 en segunda convocatoria. Ser\u00e1 en instalaciones de la Cooperativa Magisterial, ubicada en Av. 18 de Julio 1730, primer piso (entre Magallanes y Gaboto)<\/p>\n<p>Les recordamos que nos deben hacer  llegar una nota con quien su federaci\u00f3n\/ cooperativa designe para ser representada en la Asamblea (titular y suplente) ya que es incompatible la calidad de Asamble\u00edsta con la de integrante del Consejo Directivo  y Comisi\u00f3n Fiscal (Art\u00edculos 35 y 41 de los Estatutos). <\/p>\n<p>Asimismo les recordamos que, como figura en la convocatoria, se realizar\u00e1 el acto eleccionario, por lo que cada modalidad debe postular un Consejero Titular y un Consejero Suplente.<\/p>\n<p>Tambi\u00e9n se realizar\u00e1 la elecci\u00f3n de la Comisi\u00f3n Fiscal, la que est\u00e1 integrada por tres delegados titulares y tres suplentes.<\/p>\n","protected":false},"excerpt":{"rendered":"<p>Convocamos a la Asamblea General Ordinaria de CUDECOOP  a realizarse el pr\u00f3ximo 13 de diciembre a la hora 17:00 en primera convocatoria y a la hora 18:00 en segunda convocatoria. Ser\u00e1 en instalaciones de la Cooperativa Magisterial, ubicada en Av. 18 de Julio 1730, primer piso (entre Magallanes y Gaboto)<\/p>\n","protected":false},"author":1,"featured_media":0,"comment_status":"closed","ping_status":"Open","sticky":false,"template":"","format":"standard","meta":{"_acf_changed":false,"ngg_post_thumbnail":0,"footnotes":""},"categories":[7],"tags":[],"class_list":["post-1262","post","type-post","status-publish","format-standard","hentry","category-cooperativas"],"acf":[],"_links":{"self":[{"href":"http:\/\/www.cudecoop.coop\/cudecoop\/wp-json\/wp\/v2\/posts\/1262","targetHints":{"allow":["GET"]}}],"collection":[{"href":"http:\/\/www.cudecoop.coop\/cudecoop\/wp-json\/wp\/v2\/posts"}],"about":[{"href":"http:\/\/www.cudecoop.coop\/cudecoop\/wp-json\/wp\/v2\/types\/post"}],"author":[{"embeddable":true,"href":"http:\/\/www.cudecoop.coop\/cudecoop\/wp-json\/wp\/v2\/users\/1"}],"replies":[{"embeddable":true,"href":"http:\/\/www.cudecoop.coop\/cudecoop\/wp-json\/wp\/v2\/comments?post=1262"}],"version-history":[{"count":0,"href":"http:\/\/www.cudecoop.coop\/cudecoop\/wp-json\/wp\/v2\/posts\/1262\/revisions"}],"wp:attachment":[{"href":"http:\/\/www.cudecoop.coop\/cudecoop\/wp-json\/wp\/v2\/media?parent=1262"}],"wp:term":[{"taxonomy":"category","embeddable":true,"href":"http:\/\/www.cudecoop.coop\/cudecoop\/wp-json\/wp\/v2\/categories?post=1262"},{"taxonomy":"post_tag","embeddable":true,"href":"http:\/\/www.cudecoop.coop\/cudecoop\/wp-json\/wp\/v2\/tags?post=1262"}],"curies":[{"name":"wp","href":"https:\/\/api.w.org\/{rel}","templated":true}]}}