{"id":1261,"date":"2016-11-22T16:19:00","date_gmt":"2016-11-22T16:19:00","guid":{"rendered":"http:\/\/www.cudecoop.coop\/cudecoop\/?p=1261"},"modified":"2016-11-22T16:19:00","modified_gmt":"2016-11-22T16:19:00","slug":"se-inauguro-nueva-sede-del-inefop","status":"publish","type":"post","link":"http:\/\/www.cudecoop.coop\/cudecoop\/se-inauguro-nueva-sede-del-inefop\/","title":{"rendered":"Se inaugur\u00f3 nueva sede del INEFOP"},"content":{"rendered":"<p>El Instituto Nacional de Formaci\u00f3n Profesional, INEFOP, celebr\u00f3 este medio d\u00eda, la inauguraci\u00f3n de su nueva sede en plena Ciudad Vieja, estuvieron presentes los delegados que representan a la econom\u00eda social, acompa\u00f1ados por representantes de los todos los tipos cooperativos.<\/p>\n<p>Comenz\u00f3 el acto protocolar el representante de la C\u00e1mara de Industrias, Washington Carolo se\u00f1alando la importancia de poder mejorar las empresas a trav\u00e9s de la capacitaci\u00f3n de los trabajadores. Por otro lado, el representante del Pit-Cnt, Marcelo Abdala, destac\u00f3 la importancia de que las pol\u00edticas de empleo se piensen en funci\u00f3n del desarrollo tomando en cuenta la prospectiva de dinamismo que hay sobre el empleo.<\/p>\n<p>El Director General, Eduardo Pereyra, realiz\u00f3 varios agradecimientos y una rese\u00f1a sobre la historia del edificio que ocupa el INEFOP actualmente. Por otro lado, se\u00f1al\u00f3 cifras de capacitaci\u00f3n y de la proyecci\u00f3n del Instituto. Se\u00f1al\u00f3 tambi\u00e9n el alto grado de compromiso de parte de los trabajadores, al haberse comprometido en diversos compromisos educativos, como la culminaci\u00f3n de la ense\u00f1anza primaria y\/o secundaria. <\/p>\n<p>Por otro lado, el ministro de Trabajo y Seguridad Social, indic\u00f3 que se aument\u00f3 en m\u00e1s de un 50% la cantidad de personas que se capacitaron en todo el pa\u00eds, y este a\u00f1o se va a duplicar la cantidad de personas que se hac\u00edan en a\u00f1os anteriores. Esto es parte del proceso del aprendizaje, como la asociaci\u00f3n de la educaci\u00f3n y el trabajo, este pa\u00eds necesita de forma imprescindible asociar educaci\u00f3n y trabajo para su desarrollo.<\/p>\n<p>Rosana Perdomo, Secretaria Ejecutiva de la Confederaci\u00f3n, junto a Juan Carlos Canessa, vicepresidente, estuvieron presentes hoy en la inauguraci\u00f3n de la nueva sede del INEFOP. Perdomo indica que la nueva sede determina una nueva etapa en lo organizacional. Para la econom\u00eda social se trata de una nueva etapa que coincide con el lanzamiento del convenio INACOOP &#8211; INEFOP &#8211; CUDECOOP y con la implementaci\u00f3n de los programas de capacitaci\u00f3n en las cooperativas. &#8220;El tener una oficina donde podemos empezar a desarrollar estos programas, es clave para la formaci\u00f3n de todo el movimiento cooperativo, estamos en un momento en el que nos estamos integrando cada vez m\u00e1s, ya somos parte de la organizaci\u00f3n en lo operativo&#8221; se\u00f1al\u00f3 Perdomo.<\/p>\n<p>Por otro lado, Canessa se\u00f1ala que anteriormente el INEFOP estaba trabajando en malas condiciones por el edificio en el que se encontraban instalados. En este momento, el edificio nuevo tiene una mejor estructura que permite mayor capacidad de funcionamiento en general. Es un cambio que repercute en la calidad del trabajo proporcionado. <\/p>\n<p>La nueva sede del Instituto se encuentra en la calle Misiones 1352 esquina Sarand\u00ed.<\/p>\n","protected":false},"excerpt":{"rendered":"<p>El Instituto Nacional de Formaci\u00f3n Profesional, INEFOP, celebr\u00f3 este medio d\u00eda, la inauguraci\u00f3n de su nueva sede en plena Ciudad Vieja, estuvieron presentes los delegados que representan a la econom\u00eda social, acompa\u00f1ados por representantes de los todos los tipos cooperativos.<\/p>\n","protected":false},"author":1,"featured_media":0,"comment_status":"closed","ping_status":"Open","sticky":false,"template":"","format":"standard","meta":{"_acf_changed":false,"ngg_post_thumbnail":0,"footnotes":""},"categories":[7],"tags":[],"class_list":["post-1261","post","type-post","status-publish","format-standard","hentry","category-cooperativas"],"acf":[],"_links":{"self":[{"href":"http:\/\/www.cudecoop.coop\/cudecoop\/wp-json\/wp\/v2\/posts\/1261","targetHints":{"allow":["GET"]}}],"collection":[{"href":"http:\/\/www.cudecoop.coop\/cudecoop\/wp-json\/wp\/v2\/posts"}],"about":[{"href":"http:\/\/www.cudecoop.coop\/cudecoop\/wp-json\/wp\/v2\/types\/post"}],"author":[{"embeddable":true,"href":"http:\/\/www.cudecoop.coop\/cudecoop\/wp-json\/wp\/v2\/users\/1"}],"replies":[{"embeddable":true,"href":"http:\/\/www.cudecoop.coop\/cudecoop\/wp-json\/wp\/v2\/comments?post=1261"}],"version-history":[{"count":0,"href":"http:\/\/www.cudecoop.coop\/cudecoop\/wp-json\/wp\/v2\/posts\/1261\/revisions"}],"wp:attachment":[{"href":"http:\/\/www.cudecoop.coop\/cudecoop\/wp-json\/wp\/v2\/media?parent=1261"}],"wp:term":[{"taxonomy":"category","embeddable":true,"href":"http:\/\/www.cudecoop.coop\/cudecoop\/wp-json\/wp\/v2\/categories?post=1261"},{"taxonomy":"post_tag","embeddable":true,"href":"http:\/\/www.cudecoop.coop\/cudecoop\/wp-json\/wp\/v2\/tags?post=1261"}],"curies":[{"name":"wp","href":"https:\/\/api.w.org\/{rel}","templated":true}]}}